{"id":11558,"date":"2022-07-18T15:02:49","date_gmt":"2022-07-18T14:02:49","guid":{"rendered":"https:\/\/www.cptf.it\/it\/?p=11558"},"modified":"2022-09-22T16:29:40","modified_gmt":"2022-09-22T15:29:40","slug":"giornata-di-studio-online-con-gianmarco-manfrida","status":"publish","type":"post","link":"https:\/\/www.cptf.it\/it\/giornata-di-studio-online-con-gianmarco-manfrida\/","title":{"rendered":"Giornata di Studio Online: La clinica e il web &#8211; 24 settembre 2022"},"content":{"rendered":"<div class=\"wpb-content-wrapper\"><p>[vc_row css_animation=&#8221;&#8221; row_type=&#8221;row&#8221; use_row_as_full_screen_section=&#8221;no&#8221; type=&#8221;full_width&#8221; angled_section=&#8221;no&#8221; text_align=&#8221;left&#8221; background_image_as_pattern=&#8221;without_pattern&#8221;][vc_column][vc_column_text]<\/p>\n<h3><\/h3>\n<h3><\/h3>\n<h3 style=\"text-align: center;\"><span style=\"color: #003366;\">LA CLINICA E IL WEB<br \/>\nRisorse tecnologiche e comunicazione psicoterapeutica &#8220;online&#8221;<br \/>\nGiornata di Studio Online su Zoom<\/span><\/h3>\n<p><span style=\"color: #003366;\"><strong><br \/>\n<\/strong><\/span><span data-type=\"normal\"  class=\"qode_icon_shortcode  q_font_awsome_icon fa-2x  \" style=\" \"><i class=\"qode_icon_font_awesome fa fa-check qode_icon_element\" style=\"\" ><\/i><\/span><span style=\"color: #003366;\"><strong>Sabato 24 settembre 2022 h. 10,00 &#8211; 18,00<\/strong><\/span><\/p>\n<p>Relatore: <strong>Gianmarco Manfrida<\/strong><\/p>\n<p><em>Sono molti i modi con cui internet \u00e8 entrato nella pratica psicoterapeutica e pu\u00f2 esserle di aiuto, non solo con la possibilit\u00e0 di sedute a distanza, una risorsa utile, ma che rappresenta solo una frazione delle interazioni online tra terapeuta e paziente.<br \/>\n<\/em><em>Scopo del seminario \u00e8 spiegare come siano frequentemente presenti e si possano integrare nel processo <\/em><em>terapeutico gli strumenti online oggi disponibili, come le e-mail, le app, le foto.<\/em><\/p>\n<p><a  data-e-Disable-Page-Transition=\"true\" class=\"download-link filetype-icon filetype-pdf\" title=\"\" href=\"https:\/\/www.cptf.it\/it\/download\/11561\/?tmstv=1777440085\" rel=\"nofollow\" id=\"download-link-11561\" data-redirect=\"false\" >\n\tLocandina_MANFRIDA2022.pdf\t(448 download\t)\n<\/a>\n<br \/>\n<a  data-e-Disable-Page-Transition=\"true\" class=\"download-link filetype-icon filetype-pdf\" title=\"\" href=\"https:\/\/www.cptf.it\/it\/download\/11567\/?tmstv=1777440085\" rel=\"nofollow\" id=\"download-link-11567\" data-redirect=\"false\" >\n\tSchedaIscrizione_MANFRIDA.pdf\t(453 download\t)\n<\/a>\n[\/vc_column_text][\/vc_column][\/vc_row]<\/p>\n<\/div>","protected":false},"excerpt":{"rendered":"<p>Giornata di studio online con Gianmarco Manfrida su &#8220;La clinica e il web&#8221;<\/p>\n","protected":false},"author":2,"featured_media":11563,"comment_status":"closed","ping_status":"open","sticky":false,"template":"","format":"standard","meta":{"footnotes":""},"categories":[4],"tags":[],"class_list":["post-11558","post","type-post","status-publish","format-standard","has-post-thumbnail","hentry","category-news"],"yoast_head":"<!-- This site is optimized with the Yoast SEO plugin v27.3 - https:\/\/yoast.com\/product\/yoast-seo-wordpress\/ -->\n<title>Giornata di Studio Online: La clinica e il web - 24 settembre 2022 - CPTF<\/title>\n<meta name=\"description\" content=\"Giornata di studio dal titolo &quot;La clinica e il web&quot;\" \/>\n<meta name=\"robots\" content=\"index, follow, max-snippet:-1, max-image-preview:large, max-video-preview:-1\" \/>\n<link rel=\"canonical\" href=\"https:\/\/www.cptf.it\/it\/giornata-di-studio-online-con-gianmarco-manfrida\/\" \/>\n<meta property=\"og:locale\" content=\"it_IT\" \/>\n<meta property=\"og:type\" content=\"article\" \/>\n<meta property=\"og:title\" content=\"Giornata di Studio Online: La clinica e il web - 24 settembre 2022 - CPTF\" \/>\n<meta property=\"og:description\" content=\"Giornata di studio dal titolo &quot;La clinica e il web&quot;\" \/>\n<meta property=\"og:url\" content=\"https:\/\/www.cptf.it\/it\/giornata-di-studio-online-con-gianmarco-manfrida\/\" \/>\n<meta property=\"og:site_name\" content=\"CPTF\" \/>\n<meta property=\"article:published_time\" content=\"2022-07-18T14:02:49+00:00\" \/>\n<meta property=\"article:modified_time\" content=\"2022-09-22T15:29:40+00:00\" \/>\n<meta property=\"og:image\" content=\"https:\/\/www.cptf.it\/it\/wp-content\/uploads\/Home-Sito-Manfrida.jpg\" \/>\n\t<meta property=\"og:image:width\" content=\"1280\" \/>\n\t<meta property=\"og:image:height\" content=\"800\" \/>\n\t<meta property=\"og:image:type\" content=\"image\/jpeg\" \/>\n<meta name=\"author\" content=\"segreteria\" \/>\n<meta name=\"twitter:card\" content=\"summary_large_image\" \/>\n<meta name=\"twitter:label1\" content=\"Scritto da\" \/>\n\t<meta name=\"twitter:data1\" content=\"segreteria\" \/>\n\t<meta name=\"twitter:label2\" content=\"Tempo di lettura stimato\" \/>\n\t<meta name=\"twitter:data2\" content=\"1 minuto\" \/>\n<script type=\"application\/ld+json\" class=\"yoast-schema-graph\">{\"@context\":\"https:\\\/\\\/schema.org\",\"@graph\":[{\"@type\":\"Article\",\"@id\":\"https:\\\/\\\/www.cptf.it\\\/it\\\/giornata-di-studio-online-con-gianmarco-manfrida\\\/#article\",\"isPartOf\":{\"@id\":\"https:\\\/\\\/www.cptf.it\\\/it\\\/giornata-di-studio-online-con-gianmarco-manfrida\\\/\"},\"author\":{\"name\":\"segreteria\",\"@id\":\"https:\\\/\\\/www.cptf.it\\\/it\\\/#\\\/schema\\\/person\\\/ab2e5f535a9345c05d1241047a511cea\"},\"headline\":\"Giornata di Studio Online: La clinica e il web &#8211; 24 settembre 2022\",\"datePublished\":\"2022-07-18T14:02:49+00:00\",\"dateModified\":\"2022-09-22T15:29:40+00:00\",\"mainEntityOfPage\":{\"@id\":\"https:\\\/\\\/www.cptf.it\\\/it\\\/giornata-di-studio-online-con-gianmarco-manfrida\\\/\"},\"wordCount\":180,\"image\":{\"@id\":\"https:\\\/\\\/www.cptf.it\\\/it\\\/giornata-di-studio-online-con-gianmarco-manfrida\\\/#primaryimage\"},\"thumbnailUrl\":\"https:\\\/\\\/www.cptf.it\\\/it\\\/wp-content\\\/uploads\\\/Home-Sito-Manfrida.jpg\",\"articleSection\":[\"News\"],\"inLanguage\":\"it-IT\"},{\"@type\":\"WebPage\",\"@id\":\"https:\\\/\\\/www.cptf.it\\\/it\\\/giornata-di-studio-online-con-gianmarco-manfrida\\\/\",\"url\":\"https:\\\/\\\/www.cptf.it\\\/it\\\/giornata-di-studio-online-con-gianmarco-manfrida\\\/\",\"name\":\"Giornata di Studio Online: La clinica e il web - 24 settembre 2022 - CPTF\",\"isPartOf\":{\"@id\":\"https:\\\/\\\/www.cptf.it\\\/it\\\/#website\"},\"primaryImageOfPage\":{\"@id\":\"https:\\\/\\\/www.cptf.it\\\/it\\\/giornata-di-studio-online-con-gianmarco-manfrida\\\/#primaryimage\"},\"image\":{\"@id\":\"https:\\\/\\\/www.cptf.it\\\/it\\\/giornata-di-studio-online-con-gianmarco-manfrida\\\/#primaryimage\"},\"thumbnailUrl\":\"https:\\\/\\\/www.cptf.it\\\/it\\\/wp-content\\\/uploads\\\/Home-Sito-Manfrida.jpg\",\"datePublished\":\"2022-07-18T14:02:49+00:00\",\"dateModified\":\"2022-09-22T15:29:40+00:00\",\"author\":{\"@id\":\"https:\\\/\\\/www.cptf.it\\\/it\\\/#\\\/schema\\\/person\\\/ab2e5f535a9345c05d1241047a511cea\"},\"description\":\"Giornata di studio dal titolo \\\"La clinica e il web\\\"\",\"breadcrumb\":{\"@id\":\"https:\\\/\\\/www.cptf.it\\\/it\\\/giornata-di-studio-online-con-gianmarco-manfrida\\\/#breadcrumb\"},\"inLanguage\":\"it-IT\",\"potentialAction\":[{\"@type\":\"ReadAction\",\"target\":[\"https:\\\/\\\/www.cptf.it\\\/it\\\/giornata-di-studio-online-con-gianmarco-manfrida\\\/\"]}]},{\"@type\":\"ImageObject\",\"inLanguage\":\"it-IT\",\"@id\":\"https:\\\/\\\/www.cptf.it\\\/it\\\/giornata-di-studio-online-con-gianmarco-manfrida\\\/#primaryimage\",\"url\":\"https:\\\/\\\/www.cptf.it\\\/it\\\/wp-content\\\/uploads\\\/Home-Sito-Manfrida.jpg\",\"contentUrl\":\"https:\\\/\\\/www.cptf.it\\\/it\\\/wp-content\\\/uploads\\\/Home-Sito-Manfrida.jpg\",\"width\":1280,\"height\":800},{\"@type\":\"BreadcrumbList\",\"@id\":\"https:\\\/\\\/www.cptf.it\\\/it\\\/giornata-di-studio-online-con-gianmarco-manfrida\\\/#breadcrumb\",\"itemListElement\":[{\"@type\":\"ListItem\",\"position\":1,\"name\":\"Home\",\"item\":\"https:\\\/\\\/www.cptf.it\\\/it\\\/\"},{\"@type\":\"ListItem\",\"position\":2,\"name\":\"Giornata di Studio Online: La clinica e il web &#8211; 24 settembre 2022\"}]},{\"@type\":\"WebSite\",\"@id\":\"https:\\\/\\\/www.cptf.it\\\/it\\\/#website\",\"url\":\"https:\\\/\\\/www.cptf.it\\\/it\\\/\",\"name\":\"CPTF\",\"description\":\"Centro Padovano di Terapia della famiglia\",\"potentialAction\":[{\"@type\":\"SearchAction\",\"target\":{\"@type\":\"EntryPoint\",\"urlTemplate\":\"https:\\\/\\\/www.cptf.it\\\/it\\\/?s={search_term_string}\"},\"query-input\":{\"@type\":\"PropertyValueSpecification\",\"valueRequired\":true,\"valueName\":\"search_term_string\"}}],\"inLanguage\":\"it-IT\"},{\"@type\":\"Person\",\"@id\":\"https:\\\/\\\/www.cptf.it\\\/it\\\/#\\\/schema\\\/person\\\/ab2e5f535a9345c05d1241047a511cea\",\"name\":\"segreteria\",\"image\":{\"@type\":\"ImageObject\",\"inLanguage\":\"it-IT\",\"@id\":\"https:\\\/\\\/secure.gravatar.com\\\/avatar\\\/f198598e8ef622c0b575e2407a7e39db9f0cb55feaa0c13ffa181dff49e8064c?s=96&d=mm&r=g\",\"url\":\"https:\\\/\\\/secure.gravatar.com\\\/avatar\\\/f198598e8ef622c0b575e2407a7e39db9f0cb55feaa0c13ffa181dff49e8064c?s=96&d=mm&r=g\",\"contentUrl\":\"https:\\\/\\\/secure.gravatar.com\\\/avatar\\\/f198598e8ef622c0b575e2407a7e39db9f0cb55feaa0c13ffa181dff49e8064c?s=96&d=mm&r=g\",\"caption\":\"segreteria\"},\"url\":\"https:\\\/\\\/www.cptf.it\\\/it\\\/author\\\/segreteria\\\/\"}]}<\/script>\n<!-- \/ Yoast SEO plugin. -->","yoast_head_json":{"title":"Giornata di Studio Online: La clinica e il web - 24 settembre 2022 - CPTF","description":"Giornata di studio dal titolo \"La clinica e il web\"","robots":{"index":"index","follow":"follow","max-snippet":"max-snippet:-1","max-image-preview":"max-image-preview:large","max-video-preview":"max-video-preview:-1"},"canonical":"https:\/\/www.cptf.it\/it\/giornata-di-studio-online-con-gianmarco-manfrida\/","og_locale":"it_IT","og_type":"article","og_title":"Giornata di Studio Online: La clinica e il web - 24 settembre 2022 - CPTF","og_description":"Giornata di studio dal titolo \"La clinica e il web\"","og_url":"https:\/\/www.cptf.it\/it\/giornata-di-studio-online-con-gianmarco-manfrida\/","og_site_name":"CPTF","article_published_time":"2022-07-18T14:02:49+00:00","article_modified_time":"2022-09-22T15:29:40+00:00","og_image":[{"width":1280,"height":800,"url":"https:\/\/www.cptf.it\/it\/wp-content\/uploads\/Home-Sito-Manfrida.jpg","type":"image\/jpeg"}],"author":"segreteria","twitter_card":"summary_large_image","twitter_misc":{"Scritto da":"segreteria","Tempo di lettura stimato":"1 minuto"},"schema":{"@context":"https:\/\/schema.org","@graph":[{"@type":"Article","@id":"https:\/\/www.cptf.it\/it\/giornata-di-studio-online-con-gianmarco-manfrida\/#article","isPartOf":{"@id":"https:\/\/www.cptf.it\/it\/giornata-di-studio-online-con-gianmarco-manfrida\/"},"author":{"name":"segreteria","@id":"https:\/\/www.cptf.it\/it\/#\/schema\/person\/ab2e5f535a9345c05d1241047a511cea"},"headline":"Giornata di Studio Online: La clinica e il web &#8211; 24 settembre 2022","datePublished":"2022-07-18T14:02:49+00:00","dateModified":"2022-09-22T15:29:40+00:00","mainEntityOfPage":{"@id":"https:\/\/www.cptf.it\/it\/giornata-di-studio-online-con-gianmarco-manfrida\/"},"wordCount":180,"image":{"@id":"https:\/\/www.cptf.it\/it\/giornata-di-studio-online-con-gianmarco-manfrida\/#primaryimage"},"thumbnailUrl":"https:\/\/www.cptf.it\/it\/wp-content\/uploads\/Home-Sito-Manfrida.jpg","articleSection":["News"],"inLanguage":"it-IT"},{"@type":"WebPage","@id":"https:\/\/www.cptf.it\/it\/giornata-di-studio-online-con-gianmarco-manfrida\/","url":"https:\/\/www.cptf.it\/it\/giornata-di-studio-online-con-gianmarco-manfrida\/","name":"Giornata di Studio Online: La clinica e il web - 24 settembre 2022 - CPTF","isPartOf":{"@id":"https:\/\/www.cptf.it\/it\/#website"},"primaryImageOfPage":{"@id":"https:\/\/www.cptf.it\/it\/giornata-di-studio-online-con-gianmarco-manfrida\/#primaryimage"},"image":{"@id":"https:\/\/www.cptf.it\/it\/giornata-di-studio-online-con-gianmarco-manfrida\/#primaryimage"},"thumbnailUrl":"https:\/\/www.cptf.it\/it\/wp-content\/uploads\/Home-Sito-Manfrida.jpg","datePublished":"2022-07-18T14:02:49+00:00","dateModified":"2022-09-22T15:29:40+00:00","author":{"@id":"https:\/\/www.cptf.it\/it\/#\/schema\/person\/ab2e5f535a9345c05d1241047a511cea"},"description":"Giornata di studio dal titolo \"La clinica e il web\"","breadcrumb":{"@id":"https:\/\/www.cptf.it\/it\/giornata-di-studio-online-con-gianmarco-manfrida\/#breadcrumb"},"inLanguage":"it-IT","potentialAction":[{"@type":"ReadAction","target":["https:\/\/www.cptf.it\/it\/giornata-di-studio-online-con-gianmarco-manfrida\/"]}]},{"@type":"ImageObject","inLanguage":"it-IT","@id":"https:\/\/www.cptf.it\/it\/giornata-di-studio-online-con-gianmarco-manfrida\/#primaryimage","url":"https:\/\/www.cptf.it\/it\/wp-content\/uploads\/Home-Sito-Manfrida.jpg","contentUrl":"https:\/\/www.cptf.it\/it\/wp-content\/uploads\/Home-Sito-Manfrida.jpg","width":1280,"height":800},{"@type":"BreadcrumbList","@id":"https:\/\/www.cptf.it\/it\/giornata-di-studio-online-con-gianmarco-manfrida\/#breadcrumb","itemListElement":[{"@type":"ListItem","position":1,"name":"Home","item":"https:\/\/www.cptf.it\/it\/"},{"@type":"ListItem","position":2,"name":"Giornata di Studio Online: La clinica e il web &#8211; 24 settembre 2022"}]},{"@type":"WebSite","@id":"https:\/\/www.cptf.it\/it\/#website","url":"https:\/\/www.cptf.it\/it\/","name":"CPTF","description":"Centro Padovano di Terapia della famiglia","potentialAction":[{"@type":"SearchAction","target":{"@type":"EntryPoint","urlTemplate":"https:\/\/www.cptf.it\/it\/?s={search_term_string}"},"query-input":{"@type":"PropertyValueSpecification","valueRequired":true,"valueName":"search_term_string"}}],"inLanguage":"it-IT"},{"@type":"Person","@id":"https:\/\/www.cptf.it\/it\/#\/schema\/person\/ab2e5f535a9345c05d1241047a511cea","name":"segreteria","image":{"@type":"ImageObject","inLanguage":"it-IT","@id":"https:\/\/secure.gravatar.com\/avatar\/f198598e8ef622c0b575e2407a7e39db9f0cb55feaa0c13ffa181dff49e8064c?s=96&d=mm&r=g","url":"https:\/\/secure.gravatar.com\/avatar\/f198598e8ef622c0b575e2407a7e39db9f0cb55feaa0c13ffa181dff49e8064c?s=96&d=mm&r=g","contentUrl":"https:\/\/secure.gravatar.com\/avatar\/f198598e8ef622c0b575e2407a7e39db9f0cb55feaa0c13ffa181dff49e8064c?s=96&d=mm&r=g","caption":"segreteria"},"url":"https:\/\/www.cptf.it\/it\/author\/segreteria\/"}]}},"_links":{"self":[{"href":"https:\/\/www.cptf.it\/it\/wp-json\/wp\/v2\/posts\/11558","targetHints":{"allow":["GET"]}}],"collection":[{"href":"https:\/\/www.cptf.it\/it\/wp-json\/wp\/v2\/posts"}],"about":[{"href":"https:\/\/www.cptf.it\/it\/wp-json\/wp\/v2\/types\/post"}],"author":[{"embeddable":true,"href":"https:\/\/www.cptf.it\/it\/wp-json\/wp\/v2\/users\/2"}],"replies":[{"embeddable":true,"href":"https:\/\/www.cptf.it\/it\/wp-json\/wp\/v2\/comments?post=11558"}],"version-history":[{"count":5,"href":"https:\/\/www.cptf.it\/it\/wp-json\/wp\/v2\/posts\/11558\/revisions"}],"predecessor-version":[{"id":11565,"href":"https:\/\/www.cptf.it\/it\/wp-json\/wp\/v2\/posts\/11558\/revisions\/11565"}],"wp:featuredmedia":[{"embeddable":true,"href":"https:\/\/www.cptf.it\/it\/wp-json\/wp\/v2\/media\/11563"}],"wp:attachment":[{"href":"https:\/\/www.cptf.it\/it\/wp-json\/wp\/v2\/media?parent=11558"}],"wp:term":[{"taxonomy":"category","embeddable":true,"href":"https:\/\/www.cptf.it\/it\/wp-json\/wp\/v2\/categories?post=11558"},{"taxonomy":"post_tag","embeddable":true,"href":"https:\/\/www.cptf.it\/it\/wp-json\/wp\/v2\/tags?post=11558"}],"curies":[{"name":"wp","href":"https:\/\/api.w.org\/{rel}","templated":true}]}}