{"id":11644,"date":"2022-10-13T15:05:20","date_gmt":"2022-10-13T14:05:20","guid":{"rendered":"https:\/\/www.cptf.it\/it\/?p=11644"},"modified":"2022-10-13T15:07:57","modified_gmt":"2022-10-13T14:07:57","slug":"convegno-ordine-fvg-dal-dire-al-fare-3-0-psicoterapie-a-confronto-28-29-ottobre-2022","status":"publish","type":"post","link":"https:\/\/www.cptf.it\/it\/convegno-ordine-fvg-dal-dire-al-fare-3-0-psicoterapie-a-confronto-28-29-ottobre-2022\/","title":{"rendered":"CONVEGNO Ordine FVG: Dal dire al Fare 3.0 Psicoterapie a Confronto &#8211; 28, 29 ottobre 2022"},"content":{"rendered":"<div class=\"wpb-content-wrapper\"><p>[vc_row css_animation=&#8221;&#8221; row_type=&#8221;row&#8221; use_row_as_full_screen_section=&#8221;no&#8221; type=&#8221;full_width&#8221; angled_section=&#8221;no&#8221; text_align=&#8221;left&#8221; background_image_as_pattern=&#8221;without_pattern&#8221;][vc_column][vc_column_text]<\/p>\n<h3 style=\"text-align: center;\"><\/h3>\n<p>&nbsp;<\/p>\n<p><span style=\"color: #003366;\"><strong><br \/>\n<\/strong><\/span><span data-type=\"normal\"  class=\"qode_icon_shortcode  q_font_awsome_icon fa-2x  \" style=\" \"><i class=\"qode_icon_font_awesome fa fa-check qode_icon_element\" style=\"\" ><\/i><\/span><span style=\"color: #003366;\"><strong>Venerd\u00ec 28 ottobre 2022 &#8211; h. 13,45 &#8211; 19,00<\/strong><\/span><\/p>\n<p><span data-type=\"normal\"  class=\"qode_icon_shortcode  q_font_awsome_icon fa-2x  \" style=\" \"><i class=\"qode_icon_font_awesome fa fa-check qode_icon_element\" style=\"\" ><\/i><\/span><span style=\"color: #003366;\"><strong>Sabato 29 ottobre 2022 &#8211; h. 9,00 &#8211; 17,00<\/strong><\/span><\/p>\n<h4 style=\"text-align: center;\"><span style=\"color: #333399;\">Il Convegno \u00e8 organizzato dall&#8217;Ordine degli Psicologi del Friuli Venezia Giulia e si terr\u00e0 presso la Sala 3 &#8211; MOLO IV \u2013 TRIESTE<\/span><\/h4>\n<p style=\"text-align: justify;\">&#8220;Due sono le considerazioni principali che hanno portato a volere un convegno dedicato alla psicoterapia come \u201cDal dire al fare 3.0 &#8211; PSICOTERAPIE A CONFRONTO\u201d, giunto alla terza edizione.<br \/>\nLa prima \u00e8 l\u2019idea che sapere e saper fare sono due cose diverse. Conoscere l\u2019epistemologia di un modello di psicoterapia non \u00e8 saper svolgere efficacemente una seduta.<br \/>\nLa seconda \u00e8 che la psicoterapia si impara molto attraverso il modellamento e non solo attraverso la spiegazione.<br \/>\nPer questo avere la possibilit\u00e0 di osservare modelli di eccellenza nel loro contesto operativo ci sembra una possibilit\u00e0 rara e preziosa.<br \/>\nDa qui l\u2019idea guida attorno alla quale \u00e8 stato strutturato il convegno: un\u2019opportunit\u00e0 per apprendere, confrontarsi, arricchirsi e contaminarsi in questa professione psicologica cos\u00ec difficile ma cos\u00ec rivoluzionaria e salvifica.<br \/>\nTutte le scuole di psicoterapia della nostra regione presenteranno il loro modello di lavoro attraverso un\u2019introduzione teorica, una sessione di terapia (sessione reale con un cliente volontario oppure simulata, oppure video di una seduta) e successiva discussione e risposta alle domande di approfondimento.&#8221;<\/p>\n<a  data-e-Disable-Page-Transition=\"true\" class=\"download-link filetype-icon filetype-pdf\" title=\"\" href=\"https:\/\/www.cptf.it\/it\/download\/11646\/?tmstv=1777435805\" rel=\"nofollow\" id=\"download-link-11646\" data-redirect=\"false\" >\n\tPSICOTERAPIE-A-CONFRONTO-3.0-28-29-OTT-2022-PROGRAMMA.pdf\t(244 download\t)\n<\/a>\n\n<p>&nbsp;<\/p>\n<p><a href=\"https:\/\/www.mdstudiocongressi.com\/it\/eventi-residenziali\/2022\/psicoterapie-a-confronto-3-0\">Clicca qui<\/a> per ulteriori informazioni ed iscrizioni[\/vc_column_text][\/vc_column][\/vc_row]<\/p>\n<\/div>","protected":false},"excerpt":{"rendered":"<p>Convegno Ordine FVG: Dal dire al fare 3.0 &#8211; PSICOTERAPIE A CONFRONTO<\/p>\n","protected":false},"author":2,"featured_media":11649,"comment_status":"closed","ping_status":"open","sticky":false,"template":"","format":"standard","meta":{"footnotes":""},"categories":[5,4],"tags":[],"class_list":["post-11644","post","type-post","status-publish","format-standard","has-post-thumbnail","hentry","category-eventi-intorno-a-noi","category-news"],"yoast_head":"<!-- This site is optimized with the Yoast SEO plugin v27.3 - https:\/\/yoast.com\/product\/yoast-seo-wordpress\/ -->\n<title>CONVEGNO Ordine FVG: Dal dire al Fare 3.0 Psicoterapie a Confronto - 28, 29 ottobre 2022 - CPTF<\/title>\n<meta name=\"description\" content=\"Dal dire al fare 3.0 - PSICOTERAPIE A CONFRONTO\" \/>\n<meta name=\"robots\" content=\"index, follow, max-snippet:-1, max-image-preview:large, max-video-preview:-1\" \/>\n<link rel=\"canonical\" href=\"https:\/\/www.cptf.it\/it\/convegno-ordine-fvg-dal-dire-al-fare-3-0-psicoterapie-a-confronto-28-29-ottobre-2022\/\" \/>\n<meta property=\"og:locale\" content=\"it_IT\" \/>\n<meta property=\"og:type\" content=\"article\" \/>\n<meta property=\"og:title\" content=\"CONVEGNO Ordine FVG: Dal dire al Fare 3.0 Psicoterapie a Confronto - 28, 29 ottobre 2022 - CPTF\" \/>\n<meta property=\"og:description\" content=\"Dal dire al fare 3.0 - PSICOTERAPIE A CONFRONTO\" \/>\n<meta property=\"og:url\" content=\"https:\/\/www.cptf.it\/it\/convegno-ordine-fvg-dal-dire-al-fare-3-0-psicoterapie-a-confronto-28-29-ottobre-2022\/\" \/>\n<meta property=\"og:site_name\" content=\"CPTF\" \/>\n<meta property=\"article:published_time\" content=\"2022-10-13T14:05:20+00:00\" \/>\n<meta property=\"article:modified_time\" content=\"2022-10-13T14:07:57+00:00\" \/>\n<meta property=\"og:image\" content=\"https:\/\/www.cptf.it\/it\/wp-content\/uploads\/psicoterapie-a-confronto.jpg\" \/>\n\t<meta property=\"og:image:width\" content=\"323\" \/>\n\t<meta property=\"og:image:height\" content=\"369\" \/>\n\t<meta property=\"og:image:type\" content=\"image\/jpeg\" \/>\n<meta name=\"author\" content=\"segreteria\" \/>\n<meta name=\"twitter:card\" content=\"summary_large_image\" \/>\n<meta name=\"twitter:label1\" content=\"Scritto da\" \/>\n\t<meta name=\"twitter:data1\" content=\"segreteria\" \/>\n\t<meta name=\"twitter:label2\" content=\"Tempo di lettura stimato\" \/>\n\t<meta name=\"twitter:data2\" content=\"2 minuti\" \/>\n<script type=\"application\/ld+json\" class=\"yoast-schema-graph\">{\"@context\":\"https:\\\/\\\/schema.org\",\"@graph\":[{\"@type\":\"Article\",\"@id\":\"https:\\\/\\\/www.cptf.it\\\/it\\\/convegno-ordine-fvg-dal-dire-al-fare-3-0-psicoterapie-a-confronto-28-29-ottobre-2022\\\/#article\",\"isPartOf\":{\"@id\":\"https:\\\/\\\/www.cptf.it\\\/it\\\/convegno-ordine-fvg-dal-dire-al-fare-3-0-psicoterapie-a-confronto-28-29-ottobre-2022\\\/\"},\"author\":{\"name\":\"segreteria\",\"@id\":\"https:\\\/\\\/www.cptf.it\\\/it\\\/#\\\/schema\\\/person\\\/ab2e5f535a9345c05d1241047a511cea\"},\"headline\":\"CONVEGNO Ordine FVG: Dal dire al Fare 3.0 Psicoterapie a Confronto &#8211; 28, 29 ottobre 2022\",\"datePublished\":\"2022-10-13T14:05:20+00:00\",\"dateModified\":\"2022-10-13T14:07:57+00:00\",\"mainEntityOfPage\":{\"@id\":\"https:\\\/\\\/www.cptf.it\\\/it\\\/convegno-ordine-fvg-dal-dire-al-fare-3-0-psicoterapie-a-confronto-28-29-ottobre-2022\\\/\"},\"wordCount\":321,\"image\":{\"@id\":\"https:\\\/\\\/www.cptf.it\\\/it\\\/convegno-ordine-fvg-dal-dire-al-fare-3-0-psicoterapie-a-confronto-28-29-ottobre-2022\\\/#primaryimage\"},\"thumbnailUrl\":\"https:\\\/\\\/www.cptf.it\\\/it\\\/wp-content\\\/uploads\\\/psicoterapie-a-confronto.jpg\",\"articleSection\":[\"eventi intorno a noi\",\"News\"],\"inLanguage\":\"it-IT\"},{\"@type\":\"WebPage\",\"@id\":\"https:\\\/\\\/www.cptf.it\\\/it\\\/convegno-ordine-fvg-dal-dire-al-fare-3-0-psicoterapie-a-confronto-28-29-ottobre-2022\\\/\",\"url\":\"https:\\\/\\\/www.cptf.it\\\/it\\\/convegno-ordine-fvg-dal-dire-al-fare-3-0-psicoterapie-a-confronto-28-29-ottobre-2022\\\/\",\"name\":\"CONVEGNO Ordine FVG: Dal dire al Fare 3.0 Psicoterapie a Confronto - 28, 29 ottobre 2022 - CPTF\",\"isPartOf\":{\"@id\":\"https:\\\/\\\/www.cptf.it\\\/it\\\/#website\"},\"primaryImageOfPage\":{\"@id\":\"https:\\\/\\\/www.cptf.it\\\/it\\\/convegno-ordine-fvg-dal-dire-al-fare-3-0-psicoterapie-a-confronto-28-29-ottobre-2022\\\/#primaryimage\"},\"image\":{\"@id\":\"https:\\\/\\\/www.cptf.it\\\/it\\\/convegno-ordine-fvg-dal-dire-al-fare-3-0-psicoterapie-a-confronto-28-29-ottobre-2022\\\/#primaryimage\"},\"thumbnailUrl\":\"https:\\\/\\\/www.cptf.it\\\/it\\\/wp-content\\\/uploads\\\/psicoterapie-a-confronto.jpg\",\"datePublished\":\"2022-10-13T14:05:20+00:00\",\"dateModified\":\"2022-10-13T14:07:57+00:00\",\"author\":{\"@id\":\"https:\\\/\\\/www.cptf.it\\\/it\\\/#\\\/schema\\\/person\\\/ab2e5f535a9345c05d1241047a511cea\"},\"description\":\"Dal dire al fare 3.0 - PSICOTERAPIE A CONFRONTO\",\"breadcrumb\":{\"@id\":\"https:\\\/\\\/www.cptf.it\\\/it\\\/convegno-ordine-fvg-dal-dire-al-fare-3-0-psicoterapie-a-confronto-28-29-ottobre-2022\\\/#breadcrumb\"},\"inLanguage\":\"it-IT\",\"potentialAction\":[{\"@type\":\"ReadAction\",\"target\":[\"https:\\\/\\\/www.cptf.it\\\/it\\\/convegno-ordine-fvg-dal-dire-al-fare-3-0-psicoterapie-a-confronto-28-29-ottobre-2022\\\/\"]}]},{\"@type\":\"ImageObject\",\"inLanguage\":\"it-IT\",\"@id\":\"https:\\\/\\\/www.cptf.it\\\/it\\\/convegno-ordine-fvg-dal-dire-al-fare-3-0-psicoterapie-a-confronto-28-29-ottobre-2022\\\/#primaryimage\",\"url\":\"https:\\\/\\\/www.cptf.it\\\/it\\\/wp-content\\\/uploads\\\/psicoterapie-a-confronto.jpg\",\"contentUrl\":\"https:\\\/\\\/www.cptf.it\\\/it\\\/wp-content\\\/uploads\\\/psicoterapie-a-confronto.jpg\",\"width\":323,\"height\":369},{\"@type\":\"BreadcrumbList\",\"@id\":\"https:\\\/\\\/www.cptf.it\\\/it\\\/convegno-ordine-fvg-dal-dire-al-fare-3-0-psicoterapie-a-confronto-28-29-ottobre-2022\\\/#breadcrumb\",\"itemListElement\":[{\"@type\":\"ListItem\",\"position\":1,\"name\":\"Home\",\"item\":\"https:\\\/\\\/www.cptf.it\\\/it\\\/\"},{\"@type\":\"ListItem\",\"position\":2,\"name\":\"CONVEGNO Ordine FVG: Dal dire al Fare 3.0 Psicoterapie a Confronto &#8211; 28, 29 ottobre 2022\"}]},{\"@type\":\"WebSite\",\"@id\":\"https:\\\/\\\/www.cptf.it\\\/it\\\/#website\",\"url\":\"https:\\\/\\\/www.cptf.it\\\/it\\\/\",\"name\":\"CPTF\",\"description\":\"Centro Padovano di Terapia della famiglia\",\"potentialAction\":[{\"@type\":\"SearchAction\",\"target\":{\"@type\":\"EntryPoint\",\"urlTemplate\":\"https:\\\/\\\/www.cptf.it\\\/it\\\/?s={search_term_string}\"},\"query-input\":{\"@type\":\"PropertyValueSpecification\",\"valueRequired\":true,\"valueName\":\"search_term_string\"}}],\"inLanguage\":\"it-IT\"},{\"@type\":\"Person\",\"@id\":\"https:\\\/\\\/www.cptf.it\\\/it\\\/#\\\/schema\\\/person\\\/ab2e5f535a9345c05d1241047a511cea\",\"name\":\"segreteria\",\"image\":{\"@type\":\"ImageObject\",\"inLanguage\":\"it-IT\",\"@id\":\"https:\\\/\\\/secure.gravatar.com\\\/avatar\\\/f198598e8ef622c0b575e2407a7e39db9f0cb55feaa0c13ffa181dff49e8064c?s=96&d=mm&r=g\",\"url\":\"https:\\\/\\\/secure.gravatar.com\\\/avatar\\\/f198598e8ef622c0b575e2407a7e39db9f0cb55feaa0c13ffa181dff49e8064c?s=96&d=mm&r=g\",\"contentUrl\":\"https:\\\/\\\/secure.gravatar.com\\\/avatar\\\/f198598e8ef622c0b575e2407a7e39db9f0cb55feaa0c13ffa181dff49e8064c?s=96&d=mm&r=g\",\"caption\":\"segreteria\"},\"url\":\"https:\\\/\\\/www.cptf.it\\\/it\\\/author\\\/segreteria\\\/\"}]}<\/script>\n<!-- \/ Yoast SEO plugin. -->","yoast_head_json":{"title":"CONVEGNO Ordine FVG: Dal dire al Fare 3.0 Psicoterapie a Confronto - 28, 29 ottobre 2022 - CPTF","description":"Dal dire al fare 3.0 - PSICOTERAPIE A CONFRONTO","robots":{"index":"index","follow":"follow","max-snippet":"max-snippet:-1","max-image-preview":"max-image-preview:large","max-video-preview":"max-video-preview:-1"},"canonical":"https:\/\/www.cptf.it\/it\/convegno-ordine-fvg-dal-dire-al-fare-3-0-psicoterapie-a-confronto-28-29-ottobre-2022\/","og_locale":"it_IT","og_type":"article","og_title":"CONVEGNO Ordine FVG: Dal dire al Fare 3.0 Psicoterapie a Confronto - 28, 29 ottobre 2022 - CPTF","og_description":"Dal dire al fare 3.0 - PSICOTERAPIE A CONFRONTO","og_url":"https:\/\/www.cptf.it\/it\/convegno-ordine-fvg-dal-dire-al-fare-3-0-psicoterapie-a-confronto-28-29-ottobre-2022\/","og_site_name":"CPTF","article_published_time":"2022-10-13T14:05:20+00:00","article_modified_time":"2022-10-13T14:07:57+00:00","og_image":[{"width":323,"height":369,"url":"https:\/\/www.cptf.it\/it\/wp-content\/uploads\/psicoterapie-a-confronto.jpg","type":"image\/jpeg"}],"author":"segreteria","twitter_card":"summary_large_image","twitter_misc":{"Scritto da":"segreteria","Tempo di lettura stimato":"2 minuti"},"schema":{"@context":"https:\/\/schema.org","@graph":[{"@type":"Article","@id":"https:\/\/www.cptf.it\/it\/convegno-ordine-fvg-dal-dire-al-fare-3-0-psicoterapie-a-confronto-28-29-ottobre-2022\/#article","isPartOf":{"@id":"https:\/\/www.cptf.it\/it\/convegno-ordine-fvg-dal-dire-al-fare-3-0-psicoterapie-a-confronto-28-29-ottobre-2022\/"},"author":{"name":"segreteria","@id":"https:\/\/www.cptf.it\/it\/#\/schema\/person\/ab2e5f535a9345c05d1241047a511cea"},"headline":"CONVEGNO Ordine FVG: Dal dire al Fare 3.0 Psicoterapie a Confronto &#8211; 28, 29 ottobre 2022","datePublished":"2022-10-13T14:05:20+00:00","dateModified":"2022-10-13T14:07:57+00:00","mainEntityOfPage":{"@id":"https:\/\/www.cptf.it\/it\/convegno-ordine-fvg-dal-dire-al-fare-3-0-psicoterapie-a-confronto-28-29-ottobre-2022\/"},"wordCount":321,"image":{"@id":"https:\/\/www.cptf.it\/it\/convegno-ordine-fvg-dal-dire-al-fare-3-0-psicoterapie-a-confronto-28-29-ottobre-2022\/#primaryimage"},"thumbnailUrl":"https:\/\/www.cptf.it\/it\/wp-content\/uploads\/psicoterapie-a-confronto.jpg","articleSection":["eventi intorno a noi","News"],"inLanguage":"it-IT"},{"@type":"WebPage","@id":"https:\/\/www.cptf.it\/it\/convegno-ordine-fvg-dal-dire-al-fare-3-0-psicoterapie-a-confronto-28-29-ottobre-2022\/","url":"https:\/\/www.cptf.it\/it\/convegno-ordine-fvg-dal-dire-al-fare-3-0-psicoterapie-a-confronto-28-29-ottobre-2022\/","name":"CONVEGNO Ordine FVG: Dal dire al Fare 3.0 Psicoterapie a Confronto - 28, 29 ottobre 2022 - CPTF","isPartOf":{"@id":"https:\/\/www.cptf.it\/it\/#website"},"primaryImageOfPage":{"@id":"https:\/\/www.cptf.it\/it\/convegno-ordine-fvg-dal-dire-al-fare-3-0-psicoterapie-a-confronto-28-29-ottobre-2022\/#primaryimage"},"image":{"@id":"https:\/\/www.cptf.it\/it\/convegno-ordine-fvg-dal-dire-al-fare-3-0-psicoterapie-a-confronto-28-29-ottobre-2022\/#primaryimage"},"thumbnailUrl":"https:\/\/www.cptf.it\/it\/wp-content\/uploads\/psicoterapie-a-confronto.jpg","datePublished":"2022-10-13T14:05:20+00:00","dateModified":"2022-10-13T14:07:57+00:00","author":{"@id":"https:\/\/www.cptf.it\/it\/#\/schema\/person\/ab2e5f535a9345c05d1241047a511cea"},"description":"Dal dire al fare 3.0 - PSICOTERAPIE A CONFRONTO","breadcrumb":{"@id":"https:\/\/www.cptf.it\/it\/convegno-ordine-fvg-dal-dire-al-fare-3-0-psicoterapie-a-confronto-28-29-ottobre-2022\/#breadcrumb"},"inLanguage":"it-IT","potentialAction":[{"@type":"ReadAction","target":["https:\/\/www.cptf.it\/it\/convegno-ordine-fvg-dal-dire-al-fare-3-0-psicoterapie-a-confronto-28-29-ottobre-2022\/"]}]},{"@type":"ImageObject","inLanguage":"it-IT","@id":"https:\/\/www.cptf.it\/it\/convegno-ordine-fvg-dal-dire-al-fare-3-0-psicoterapie-a-confronto-28-29-ottobre-2022\/#primaryimage","url":"https:\/\/www.cptf.it\/it\/wp-content\/uploads\/psicoterapie-a-confronto.jpg","contentUrl":"https:\/\/www.cptf.it\/it\/wp-content\/uploads\/psicoterapie-a-confronto.jpg","width":323,"height":369},{"@type":"BreadcrumbList","@id":"https:\/\/www.cptf.it\/it\/convegno-ordine-fvg-dal-dire-al-fare-3-0-psicoterapie-a-confronto-28-29-ottobre-2022\/#breadcrumb","itemListElement":[{"@type":"ListItem","position":1,"name":"Home","item":"https:\/\/www.cptf.it\/it\/"},{"@type":"ListItem","position":2,"name":"CONVEGNO Ordine FVG: Dal dire al Fare 3.0 Psicoterapie a Confronto &#8211; 28, 29 ottobre 2022"}]},{"@type":"WebSite","@id":"https:\/\/www.cptf.it\/it\/#website","url":"https:\/\/www.cptf.it\/it\/","name":"CPTF","description":"Centro Padovano di Terapia della famiglia","potentialAction":[{"@type":"SearchAction","target":{"@type":"EntryPoint","urlTemplate":"https:\/\/www.cptf.it\/it\/?s={search_term_string}"},"query-input":{"@type":"PropertyValueSpecification","valueRequired":true,"valueName":"search_term_string"}}],"inLanguage":"it-IT"},{"@type":"Person","@id":"https:\/\/www.cptf.it\/it\/#\/schema\/person\/ab2e5f535a9345c05d1241047a511cea","name":"segreteria","image":{"@type":"ImageObject","inLanguage":"it-IT","@id":"https:\/\/secure.gravatar.com\/avatar\/f198598e8ef622c0b575e2407a7e39db9f0cb55feaa0c13ffa181dff49e8064c?s=96&d=mm&r=g","url":"https:\/\/secure.gravatar.com\/avatar\/f198598e8ef622c0b575e2407a7e39db9f0cb55feaa0c13ffa181dff49e8064c?s=96&d=mm&r=g","contentUrl":"https:\/\/secure.gravatar.com\/avatar\/f198598e8ef622c0b575e2407a7e39db9f0cb55feaa0c13ffa181dff49e8064c?s=96&d=mm&r=g","caption":"segreteria"},"url":"https:\/\/www.cptf.it\/it\/author\/segreteria\/"}]}},"_links":{"self":[{"href":"https:\/\/www.cptf.it\/it\/wp-json\/wp\/v2\/posts\/11644","targetHints":{"allow":["GET"]}}],"collection":[{"href":"https:\/\/www.cptf.it\/it\/wp-json\/wp\/v2\/posts"}],"about":[{"href":"https:\/\/www.cptf.it\/it\/wp-json\/wp\/v2\/types\/post"}],"author":[{"embeddable":true,"href":"https:\/\/www.cptf.it\/it\/wp-json\/wp\/v2\/users\/2"}],"replies":[{"embeddable":true,"href":"https:\/\/www.cptf.it\/it\/wp-json\/wp\/v2\/comments?post=11644"}],"version-history":[{"count":2,"href":"https:\/\/www.cptf.it\/it\/wp-json\/wp\/v2\/posts\/11644\/revisions"}],"predecessor-version":[{"id":11650,"href":"https:\/\/www.cptf.it\/it\/wp-json\/wp\/v2\/posts\/11644\/revisions\/11650"}],"wp:featuredmedia":[{"embeddable":true,"href":"https:\/\/www.cptf.it\/it\/wp-json\/wp\/v2\/media\/11649"}],"wp:attachment":[{"href":"https:\/\/www.cptf.it\/it\/wp-json\/wp\/v2\/media?parent=11644"}],"wp:term":[{"taxonomy":"category","embeddable":true,"href":"https:\/\/www.cptf.it\/it\/wp-json\/wp\/v2\/categories?post=11644"},{"taxonomy":"post_tag","embeddable":true,"href":"https:\/\/www.cptf.it\/it\/wp-json\/wp\/v2\/tags?post=11644"}],"curies":[{"name":"wp","href":"https:\/\/api.w.org\/{rel}","templated":true}]}}