{"id":11933,"date":"2023-09-15T15:21:16","date_gmt":"2023-09-15T14:21:16","guid":{"rendered":"https:\/\/www.cptf.it\/it\/?p=11933"},"modified":"2023-09-18T15:07:59","modified_gmt":"2023-09-18T14:07:59","slug":"convegno-le-storie-e-larte-del-cambiamento","status":"publish","type":"post","link":"https:\/\/www.cptf.it\/it\/convegno-le-storie-e-larte-del-cambiamento\/","title":{"rendered":"CONVEGNO: \u201cLe Storie e l\u2019Arte del Cambiamento&#8221;  &#8211; 22 e 23 settembre 2023"},"content":{"rendered":"<div class=\"wpb-content-wrapper\"><p>[vc_row css_animation=&#8221;&#8221; row_type=&#8221;row&#8221; use_row_as_full_screen_section=&#8221;no&#8221; type=&#8221;full_width&#8221; angled_section=&#8221;no&#8221; text_align=&#8221;left&#8221; background_image_as_pattern=&#8221;without_pattern&#8221;][vc_column][vc_column_text]<\/p>\n<h3 style=\"text-align: center;\">&#8220;LE STORIE E L&#8217;ARTE DEL CAMBIAMENTO: CASI CLINICI E MODELLI DI INTERVENTO IN PSICOTERAPIA&#8221;<\/h3>\n<p>&nbsp;<\/p>\n<p style=\"text-align: center;\"><em>22 e 23 settembre 2023, dalle 9.15 alle 16.30, presso Best Western Plus Hotel Galileo, via Venezia 30 \u2013 Padova<\/em><\/p>\n<p style=\"text-align: center;\"><strong>Organizzato dall\u2019Ordine delle Psicologhe e degli Psicologi del Veneto in collaborazione con la Consulta delle Scuole di Specializzazione e Universit\u00e0<\/strong>\u00a0<strong>OPPV.<\/strong><\/p>\n<p style=\"text-align: center;\">Questo convegno si propone di riflettere sul ruolo del terapeuta, mettendo in luce la complessit\u00e0 e la variet\u00e0 di aspetti legati alla specifica attivit\u00e0 professionale. Con il contributo di rappresentanti di varie scuole di psicoterapia, l\u2019evento si configura come un momento di dialogo e di esplorazione interdisciplinare, arricchito da una molteplicit\u00e0 di visioni e metodologie terapeutiche.<\/p>\n<p>Per saperne di pi\u00f9 <a href=\"https:\/\/www.ordinepsicologiveneto.it\/eventi\/convegno-le-storie-e-larte-del-cambiamento-casi-clinici-e-modelli-di-intervento-in-psicoterapia\/\">clicca qui<\/a><\/p>\n<p><a  data-e-Disable-Page-Transition=\"true\" class=\"download-link filetype-icon filetype-pdf\" title=\"\" href=\"https:\/\/www.cptf.it\/it\/download\/11935\/?tmstv=1777435804\" rel=\"nofollow\" id=\"download-link-11935\" data-redirect=\"false\" >\n\tConvegno_22_23_settembre_OPPV.pdf\t(126 download\t)\n<\/a>\n[\/vc_column_text][\/vc_column][\/vc_row]<\/p>\n<\/div>","protected":false},"excerpt":{"rendered":"<p>[vc_row css_animation=&#8221;&#8221; row_type=&#8221;row&#8221; use_row_as_full_screen_section=&#8221;no&#8221; type=&#8221;full_width&#8221; angled_section=&#8221;no&#8221; text_align=&#8221;left&#8221; background_image_as_pattern=&#8221;without_pattern&#8221;][vc_column][vc_column_text] &#8220;LE STORIE E L&#8217;ARTE DEL CAMBIAMENTO: CASI CLINICI E MODELLI DI INTERVENTO IN PSICOTERAPIA&#8221; &nbsp; 22 e 23 settembre 2023, dalle 9.15 alle 16.30, presso Best Western Plus Hotel Galileo, via Venezia 30 \u2013 Padova Organizzato dall\u2019Ordine delle Psicologhe e degli Psicologi&#8230;<\/p>\n","protected":false},"author":2,"featured_media":11937,"comment_status":"closed","ping_status":"open","sticky":false,"template":"","format":"standard","meta":{"footnotes":""},"categories":[5],"tags":[],"class_list":["post-11933","post","type-post","status-publish","format-standard","has-post-thumbnail","hentry","category-eventi-intorno-a-noi"],"yoast_head":"<!-- This site is optimized with the Yoast SEO plugin v27.3 - https:\/\/yoast.com\/product\/yoast-seo-wordpress\/ -->\n<title>CONVEGNO: \u201cLe Storie e l\u2019Arte del Cambiamento&quot; - 22 e 23 settembre 2023 - CPTF<\/title>\n<meta name=\"description\" content=\"CONVEGNO: \u201cLe Storie e l\u2019Arte del Cambiamento&quot;\" \/>\n<meta name=\"robots\" content=\"index, follow, max-snippet:-1, max-image-preview:large, max-video-preview:-1\" \/>\n<link rel=\"canonical\" href=\"https:\/\/www.cptf.it\/it\/convegno-le-storie-e-larte-del-cambiamento\/\" \/>\n<meta property=\"og:locale\" content=\"it_IT\" \/>\n<meta property=\"og:type\" content=\"article\" \/>\n<meta property=\"og:title\" content=\"CONVEGNO: \u201cLe Storie e l\u2019Arte del Cambiamento&quot; - 22 e 23 settembre 2023 - CPTF\" \/>\n<meta property=\"og:description\" content=\"CONVEGNO: \u201cLe Storie e l\u2019Arte del Cambiamento&quot;\" \/>\n<meta property=\"og:url\" content=\"https:\/\/www.cptf.it\/it\/convegno-le-storie-e-larte-del-cambiamento\/\" \/>\n<meta property=\"og:site_name\" content=\"CPTF\" \/>\n<meta property=\"article:published_time\" content=\"2023-09-15T14:21:16+00:00\" \/>\n<meta property=\"article:modified_time\" content=\"2023-09-18T14:07:59+00:00\" \/>\n<meta property=\"og:image\" content=\"https:\/\/www.cptf.it\/it\/wp-content\/uploads\/OPPV_22-e-23.09-e1694787425970.png\" \/>\n\t<meta property=\"og:image:width\" content=\"786\" \/>\n\t<meta property=\"og:image:height\" content=\"337\" \/>\n\t<meta property=\"og:image:type\" content=\"image\/png\" \/>\n<meta name=\"author\" content=\"segreteria\" \/>\n<meta name=\"twitter:card\" content=\"summary_large_image\" \/>\n<meta name=\"twitter:label1\" content=\"Scritto da\" \/>\n\t<meta name=\"twitter:data1\" content=\"segreteria\" \/>\n\t<meta name=\"twitter:label2\" content=\"Tempo di lettura stimato\" \/>\n\t<meta name=\"twitter:data2\" content=\"1 minuto\" \/>\n<script type=\"application\/ld+json\" class=\"yoast-schema-graph\">{\"@context\":\"https:\\\/\\\/schema.org\",\"@graph\":[{\"@type\":\"Article\",\"@id\":\"https:\\\/\\\/www.cptf.it\\\/it\\\/convegno-le-storie-e-larte-del-cambiamento\\\/#article\",\"isPartOf\":{\"@id\":\"https:\\\/\\\/www.cptf.it\\\/it\\\/convegno-le-storie-e-larte-del-cambiamento\\\/\"},\"author\":{\"name\":\"segreteria\",\"@id\":\"https:\\\/\\\/www.cptf.it\\\/it\\\/#\\\/schema\\\/person\\\/ab2e5f535a9345c05d1241047a511cea\"},\"headline\":\"CONVEGNO: \u201cLe Storie e l\u2019Arte del Cambiamento&#8221; &#8211; 22 e 23 settembre 2023\",\"datePublished\":\"2023-09-15T14:21:16+00:00\",\"dateModified\":\"2023-09-18T14:07:59+00:00\",\"mainEntityOfPage\":{\"@id\":\"https:\\\/\\\/www.cptf.it\\\/it\\\/convegno-le-storie-e-larte-del-cambiamento\\\/\"},\"wordCount\":170,\"image\":{\"@id\":\"https:\\\/\\\/www.cptf.it\\\/it\\\/convegno-le-storie-e-larte-del-cambiamento\\\/#primaryimage\"},\"thumbnailUrl\":\"https:\\\/\\\/www.cptf.it\\\/it\\\/wp-content\\\/uploads\\\/OPPV_22-e-23.09-e1694787425970.png\",\"articleSection\":[\"eventi intorno a noi\"],\"inLanguage\":\"it-IT\"},{\"@type\":\"WebPage\",\"@id\":\"https:\\\/\\\/www.cptf.it\\\/it\\\/convegno-le-storie-e-larte-del-cambiamento\\\/\",\"url\":\"https:\\\/\\\/www.cptf.it\\\/it\\\/convegno-le-storie-e-larte-del-cambiamento\\\/\",\"name\":\"CONVEGNO: \u201cLe Storie e l\u2019Arte del Cambiamento\\\" - 22 e 23 settembre 2023 - CPTF\",\"isPartOf\":{\"@id\":\"https:\\\/\\\/www.cptf.it\\\/it\\\/#website\"},\"primaryImageOfPage\":{\"@id\":\"https:\\\/\\\/www.cptf.it\\\/it\\\/convegno-le-storie-e-larte-del-cambiamento\\\/#primaryimage\"},\"image\":{\"@id\":\"https:\\\/\\\/www.cptf.it\\\/it\\\/convegno-le-storie-e-larte-del-cambiamento\\\/#primaryimage\"},\"thumbnailUrl\":\"https:\\\/\\\/www.cptf.it\\\/it\\\/wp-content\\\/uploads\\\/OPPV_22-e-23.09-e1694787425970.png\",\"datePublished\":\"2023-09-15T14:21:16+00:00\",\"dateModified\":\"2023-09-18T14:07:59+00:00\",\"author\":{\"@id\":\"https:\\\/\\\/www.cptf.it\\\/it\\\/#\\\/schema\\\/person\\\/ab2e5f535a9345c05d1241047a511cea\"},\"description\":\"CONVEGNO: \u201cLe Storie e l\u2019Arte del Cambiamento\\\"\",\"breadcrumb\":{\"@id\":\"https:\\\/\\\/www.cptf.it\\\/it\\\/convegno-le-storie-e-larte-del-cambiamento\\\/#breadcrumb\"},\"inLanguage\":\"it-IT\",\"potentialAction\":[{\"@type\":\"ReadAction\",\"target\":[\"https:\\\/\\\/www.cptf.it\\\/it\\\/convegno-le-storie-e-larte-del-cambiamento\\\/\"]}]},{\"@type\":\"ImageObject\",\"inLanguage\":\"it-IT\",\"@id\":\"https:\\\/\\\/www.cptf.it\\\/it\\\/convegno-le-storie-e-larte-del-cambiamento\\\/#primaryimage\",\"url\":\"https:\\\/\\\/www.cptf.it\\\/it\\\/wp-content\\\/uploads\\\/OPPV_22-e-23.09-e1694787425970.png\",\"contentUrl\":\"https:\\\/\\\/www.cptf.it\\\/it\\\/wp-content\\\/uploads\\\/OPPV_22-e-23.09-e1694787425970.png\",\"width\":786,\"height\":337},{\"@type\":\"BreadcrumbList\",\"@id\":\"https:\\\/\\\/www.cptf.it\\\/it\\\/convegno-le-storie-e-larte-del-cambiamento\\\/#breadcrumb\",\"itemListElement\":[{\"@type\":\"ListItem\",\"position\":1,\"name\":\"Home\",\"item\":\"https:\\\/\\\/www.cptf.it\\\/it\\\/\"},{\"@type\":\"ListItem\",\"position\":2,\"name\":\"CONVEGNO: \u201cLe Storie e l\u2019Arte del Cambiamento&#8221; &#8211; 22 e 23 settembre 2023\"}]},{\"@type\":\"WebSite\",\"@id\":\"https:\\\/\\\/www.cptf.it\\\/it\\\/#website\",\"url\":\"https:\\\/\\\/www.cptf.it\\\/it\\\/\",\"name\":\"CPTF\",\"description\":\"Centro Padovano di Terapia della famiglia\",\"potentialAction\":[{\"@type\":\"SearchAction\",\"target\":{\"@type\":\"EntryPoint\",\"urlTemplate\":\"https:\\\/\\\/www.cptf.it\\\/it\\\/?s={search_term_string}\"},\"query-input\":{\"@type\":\"PropertyValueSpecification\",\"valueRequired\":true,\"valueName\":\"search_term_string\"}}],\"inLanguage\":\"it-IT\"},{\"@type\":\"Person\",\"@id\":\"https:\\\/\\\/www.cptf.it\\\/it\\\/#\\\/schema\\\/person\\\/ab2e5f535a9345c05d1241047a511cea\",\"name\":\"segreteria\",\"image\":{\"@type\":\"ImageObject\",\"inLanguage\":\"it-IT\",\"@id\":\"https:\\\/\\\/secure.gravatar.com\\\/avatar\\\/f198598e8ef622c0b575e2407a7e39db9f0cb55feaa0c13ffa181dff49e8064c?s=96&d=mm&r=g\",\"url\":\"https:\\\/\\\/secure.gravatar.com\\\/avatar\\\/f198598e8ef622c0b575e2407a7e39db9f0cb55feaa0c13ffa181dff49e8064c?s=96&d=mm&r=g\",\"contentUrl\":\"https:\\\/\\\/secure.gravatar.com\\\/avatar\\\/f198598e8ef622c0b575e2407a7e39db9f0cb55feaa0c13ffa181dff49e8064c?s=96&d=mm&r=g\",\"caption\":\"segreteria\"},\"url\":\"https:\\\/\\\/www.cptf.it\\\/it\\\/author\\\/segreteria\\\/\"}]}<\/script>\n<!-- \/ Yoast SEO plugin. -->","yoast_head_json":{"title":"CONVEGNO: \u201cLe Storie e l\u2019Arte del Cambiamento\" - 22 e 23 settembre 2023 - CPTF","description":"CONVEGNO: \u201cLe Storie e l\u2019Arte del Cambiamento\"","robots":{"index":"index","follow":"follow","max-snippet":"max-snippet:-1","max-image-preview":"max-image-preview:large","max-video-preview":"max-video-preview:-1"},"canonical":"https:\/\/www.cptf.it\/it\/convegno-le-storie-e-larte-del-cambiamento\/","og_locale":"it_IT","og_type":"article","og_title":"CONVEGNO: \u201cLe Storie e l\u2019Arte del Cambiamento\" - 22 e 23 settembre 2023 - CPTF","og_description":"CONVEGNO: \u201cLe Storie e l\u2019Arte del Cambiamento\"","og_url":"https:\/\/www.cptf.it\/it\/convegno-le-storie-e-larte-del-cambiamento\/","og_site_name":"CPTF","article_published_time":"2023-09-15T14:21:16+00:00","article_modified_time":"2023-09-18T14:07:59+00:00","og_image":[{"width":786,"height":337,"url":"https:\/\/www.cptf.it\/it\/wp-content\/uploads\/OPPV_22-e-23.09-e1694787425970.png","type":"image\/png"}],"author":"segreteria","twitter_card":"summary_large_image","twitter_misc":{"Scritto da":"segreteria","Tempo di lettura stimato":"1 minuto"},"schema":{"@context":"https:\/\/schema.org","@graph":[{"@type":"Article","@id":"https:\/\/www.cptf.it\/it\/convegno-le-storie-e-larte-del-cambiamento\/#article","isPartOf":{"@id":"https:\/\/www.cptf.it\/it\/convegno-le-storie-e-larte-del-cambiamento\/"},"author":{"name":"segreteria","@id":"https:\/\/www.cptf.it\/it\/#\/schema\/person\/ab2e5f535a9345c05d1241047a511cea"},"headline":"CONVEGNO: \u201cLe Storie e l\u2019Arte del Cambiamento&#8221; &#8211; 22 e 23 settembre 2023","datePublished":"2023-09-15T14:21:16+00:00","dateModified":"2023-09-18T14:07:59+00:00","mainEntityOfPage":{"@id":"https:\/\/www.cptf.it\/it\/convegno-le-storie-e-larte-del-cambiamento\/"},"wordCount":170,"image":{"@id":"https:\/\/www.cptf.it\/it\/convegno-le-storie-e-larte-del-cambiamento\/#primaryimage"},"thumbnailUrl":"https:\/\/www.cptf.it\/it\/wp-content\/uploads\/OPPV_22-e-23.09-e1694787425970.png","articleSection":["eventi intorno a noi"],"inLanguage":"it-IT"},{"@type":"WebPage","@id":"https:\/\/www.cptf.it\/it\/convegno-le-storie-e-larte-del-cambiamento\/","url":"https:\/\/www.cptf.it\/it\/convegno-le-storie-e-larte-del-cambiamento\/","name":"CONVEGNO: \u201cLe Storie e l\u2019Arte del Cambiamento\" - 22 e 23 settembre 2023 - CPTF","isPartOf":{"@id":"https:\/\/www.cptf.it\/it\/#website"},"primaryImageOfPage":{"@id":"https:\/\/www.cptf.it\/it\/convegno-le-storie-e-larte-del-cambiamento\/#primaryimage"},"image":{"@id":"https:\/\/www.cptf.it\/it\/convegno-le-storie-e-larte-del-cambiamento\/#primaryimage"},"thumbnailUrl":"https:\/\/www.cptf.it\/it\/wp-content\/uploads\/OPPV_22-e-23.09-e1694787425970.png","datePublished":"2023-09-15T14:21:16+00:00","dateModified":"2023-09-18T14:07:59+00:00","author":{"@id":"https:\/\/www.cptf.it\/it\/#\/schema\/person\/ab2e5f535a9345c05d1241047a511cea"},"description":"CONVEGNO: \u201cLe Storie e l\u2019Arte del Cambiamento\"","breadcrumb":{"@id":"https:\/\/www.cptf.it\/it\/convegno-le-storie-e-larte-del-cambiamento\/#breadcrumb"},"inLanguage":"it-IT","potentialAction":[{"@type":"ReadAction","target":["https:\/\/www.cptf.it\/it\/convegno-le-storie-e-larte-del-cambiamento\/"]}]},{"@type":"ImageObject","inLanguage":"it-IT","@id":"https:\/\/www.cptf.it\/it\/convegno-le-storie-e-larte-del-cambiamento\/#primaryimage","url":"https:\/\/www.cptf.it\/it\/wp-content\/uploads\/OPPV_22-e-23.09-e1694787425970.png","contentUrl":"https:\/\/www.cptf.it\/it\/wp-content\/uploads\/OPPV_22-e-23.09-e1694787425970.png","width":786,"height":337},{"@type":"BreadcrumbList","@id":"https:\/\/www.cptf.it\/it\/convegno-le-storie-e-larte-del-cambiamento\/#breadcrumb","itemListElement":[{"@type":"ListItem","position":1,"name":"Home","item":"https:\/\/www.cptf.it\/it\/"},{"@type":"ListItem","position":2,"name":"CONVEGNO: \u201cLe Storie e l\u2019Arte del Cambiamento&#8221; &#8211; 22 e 23 settembre 2023"}]},{"@type":"WebSite","@id":"https:\/\/www.cptf.it\/it\/#website","url":"https:\/\/www.cptf.it\/it\/","name":"CPTF","description":"Centro Padovano di Terapia della famiglia","potentialAction":[{"@type":"SearchAction","target":{"@type":"EntryPoint","urlTemplate":"https:\/\/www.cptf.it\/it\/?s={search_term_string}"},"query-input":{"@type":"PropertyValueSpecification","valueRequired":true,"valueName":"search_term_string"}}],"inLanguage":"it-IT"},{"@type":"Person","@id":"https:\/\/www.cptf.it\/it\/#\/schema\/person\/ab2e5f535a9345c05d1241047a511cea","name":"segreteria","image":{"@type":"ImageObject","inLanguage":"it-IT","@id":"https:\/\/secure.gravatar.com\/avatar\/f198598e8ef622c0b575e2407a7e39db9f0cb55feaa0c13ffa181dff49e8064c?s=96&d=mm&r=g","url":"https:\/\/secure.gravatar.com\/avatar\/f198598e8ef622c0b575e2407a7e39db9f0cb55feaa0c13ffa181dff49e8064c?s=96&d=mm&r=g","contentUrl":"https:\/\/secure.gravatar.com\/avatar\/f198598e8ef622c0b575e2407a7e39db9f0cb55feaa0c13ffa181dff49e8064c?s=96&d=mm&r=g","caption":"segreteria"},"url":"https:\/\/www.cptf.it\/it\/author\/segreteria\/"}]}},"_links":{"self":[{"href":"https:\/\/www.cptf.it\/it\/wp-json\/wp\/v2\/posts\/11933","targetHints":{"allow":["GET"]}}],"collection":[{"href":"https:\/\/www.cptf.it\/it\/wp-json\/wp\/v2\/posts"}],"about":[{"href":"https:\/\/www.cptf.it\/it\/wp-json\/wp\/v2\/types\/post"}],"author":[{"embeddable":true,"href":"https:\/\/www.cptf.it\/it\/wp-json\/wp\/v2\/users\/2"}],"replies":[{"embeddable":true,"href":"https:\/\/www.cptf.it\/it\/wp-json\/wp\/v2\/comments?post=11933"}],"version-history":[{"count":4,"href":"https:\/\/www.cptf.it\/it\/wp-json\/wp\/v2\/posts\/11933\/revisions"}],"predecessor-version":[{"id":11950,"href":"https:\/\/www.cptf.it\/it\/wp-json\/wp\/v2\/posts\/11933\/revisions\/11950"}],"wp:featuredmedia":[{"embeddable":true,"href":"https:\/\/www.cptf.it\/it\/wp-json\/wp\/v2\/media\/11937"}],"wp:attachment":[{"href":"https:\/\/www.cptf.it\/it\/wp-json\/wp\/v2\/media?parent=11933"}],"wp:term":[{"taxonomy":"category","embeddable":true,"href":"https:\/\/www.cptf.it\/it\/wp-json\/wp\/v2\/categories?post=11933"},{"taxonomy":"post_tag","embeddable":true,"href":"https:\/\/www.cptf.it\/it\/wp-json\/wp\/v2\/tags?post=11933"}],"curies":[{"name":"wp","href":"https:\/\/api.w.org\/{rel}","templated":true}]}}