{"id":12076,"date":"2023-10-27T13:37:48","date_gmt":"2023-10-27T12:37:48","guid":{"rendered":"https:\/\/www.cptf.it\/it\/?p=12076"},"modified":"2023-10-27T13:38:07","modified_gmt":"2023-10-27T12:38:07","slug":"pubblicazione-del-libro-psicoterapia-sistemico-relacional","status":"publish","type":"post","link":"https:\/\/www.cptf.it\/it\/pubblicazione-del-libro-psicoterapia-sistemico-relacional\/","title":{"rendered":"Pubblicazione del libro &#8220;Psicoterapia Sist\u00e9mico-Relacional. Voces y pr\u00e1cticas contempor\u00e1neas&#8221;"},"content":{"rendered":"<div class=\"wpb-content-wrapper\"><p>[vc_row css_animation=&#8221;&#8221; row_type=&#8221;row&#8221; use_row_as_full_screen_section=&#8221;no&#8221; type=&#8221;full_width&#8221; angled_section=&#8221;no&#8221; text_align=&#8221;left&#8221; background_image_as_pattern=&#8221;without_pattern&#8221;][vc_column][vc_column_text]<\/p>\n<h3 style=\"text-align: center;\"><\/h3>\n<p>&nbsp;<\/p>\n<h4 style=\"text-align: center;\">Si annuncia la pubblicazione del libro<\/h4>\n<p>&nbsp;<\/p>\n<h3 style=\"text-align: center;\"><em>&#8220;Psicoterapia Sist\u00e9mico-Relacional. Voces y pr\u00e1cticas contempor\u00e1neas&#8221;<\/em><\/h3>\n<p>&nbsp;<\/p>\n<div dir=\"auto\">Nel volume appena pubblicato, \u00e8 presente un capitolo scritto da Valeria Ugazio e Lisa Chiara Fellin, oltre ai contributi di tanti colleghi sistemici, tra cui Carlos Sluzki, Umberta Telfener, Laura Fruggeri, Antonio Caruso e Andrea Mosconi. Coordinato da Gerardo Res\u00e9ndiz Ju\u00e1rez, collega messicano molto vicino alla prospettiva sistemica.<\/div>\n<div dir=\"auto\"><\/div>\n<p>Per maggiori informazioni: <a href=\"https:\/\/www.eist.it\/news\/e-appena-uscito\/\">News &#8211; EIST<\/a>[\/vc_column_text][\/vc_column][\/vc_row]<\/p>\n<\/div>","protected":false},"excerpt":{"rendered":"<p>[vc_row css_animation=&#8221;&#8221; row_type=&#8221;row&#8221; use_row_as_full_screen_section=&#8221;no&#8221; type=&#8221;full_width&#8221; angled_section=&#8221;no&#8221; text_align=&#8221;left&#8221; background_image_as_pattern=&#8221;without_pattern&#8221;][vc_column][vc_column_text] &nbsp; Si annuncia la pubblicazione del libro &nbsp; &#8220;Psicoterapia Sist\u00e9mico-Relacional. Voces y pr\u00e1cticas contempor\u00e1neas&#8221; &nbsp; Nel volume appena pubblicato, \u00e8 presente un capitolo scritto da Valeria Ugazio e Lisa Chiara Fellin, oltre ai contributi di tanti colleghi sistemici, tra cui Carlos Sluzki,&#8230;<\/p>\n","protected":false},"author":2,"featured_media":12077,"comment_status":"closed","ping_status":"open","sticky":false,"template":"","format":"standard","meta":{"footnotes":""},"categories":[5],"tags":[],"class_list":["post-12076","post","type-post","status-publish","format-standard","has-post-thumbnail","hentry","category-eventi-intorno-a-noi"],"yoast_head":"<!-- This site is optimized with the Yoast SEO plugin v27.3 - https:\/\/yoast.com\/product\/yoast-seo-wordpress\/ -->\n<title>Pubblicazione del libro &quot;Psicoterapia Sist\u00e9mico-Relacional. Voces y pr\u00e1cticas contempor\u00e1neas&quot; - CPTF<\/title>\n<meta name=\"description\" content=\"Pubblicazione del libro &quot;Psicoterapia Sist\u00e9mico-Relacional. Voces y pr\u00e1cticas contempor\u00e1neas&quot; coordinato da Gerardo Res\u00e9ndiz Ju\u00e1rez\" \/>\n<meta name=\"robots\" content=\"index, follow, max-snippet:-1, max-image-preview:large, max-video-preview:-1\" \/>\n<link rel=\"canonical\" href=\"https:\/\/www.cptf.it\/it\/pubblicazione-del-libro-psicoterapia-sistemico-relacional\/\" \/>\n<meta property=\"og:locale\" content=\"it_IT\" \/>\n<meta property=\"og:type\" content=\"article\" \/>\n<meta property=\"og:title\" content=\"Pubblicazione del libro &quot;Psicoterapia Sist\u00e9mico-Relacional. Voces y pr\u00e1cticas contempor\u00e1neas&quot; - CPTF\" \/>\n<meta property=\"og:description\" content=\"Pubblicazione del libro &quot;Psicoterapia Sist\u00e9mico-Relacional. Voces y pr\u00e1cticas contempor\u00e1neas&quot; coordinato da Gerardo Res\u00e9ndiz Ju\u00e1rez\" \/>\n<meta property=\"og:url\" content=\"https:\/\/www.cptf.it\/it\/pubblicazione-del-libro-psicoterapia-sistemico-relacional\/\" \/>\n<meta property=\"og:site_name\" content=\"CPTF\" \/>\n<meta property=\"article:published_time\" content=\"2023-10-27T12:37:48+00:00\" \/>\n<meta property=\"article:modified_time\" content=\"2023-10-27T12:38:07+00:00\" \/>\n<meta property=\"og:image\" content=\"https:\/\/www.cptf.it\/it\/wp-content\/uploads\/Libro-Messicano.jpg\" \/>\n\t<meta property=\"og:image:width\" content=\"940\" \/>\n\t<meta property=\"og:image:height\" content=\"788\" \/>\n\t<meta property=\"og:image:type\" content=\"image\/jpeg\" \/>\n<meta name=\"author\" content=\"segreteria\" \/>\n<meta name=\"twitter:card\" content=\"summary_large_image\" \/>\n<meta name=\"twitter:label1\" content=\"Scritto da\" \/>\n\t<meta name=\"twitter:data1\" content=\"segreteria\" \/>\n\t<meta name=\"twitter:label2\" content=\"Tempo di lettura stimato\" \/>\n\t<meta name=\"twitter:data2\" content=\"1 minuto\" \/>\n<script type=\"application\/ld+json\" class=\"yoast-schema-graph\">{\"@context\":\"https:\\\/\\\/schema.org\",\"@graph\":[{\"@type\":\"Article\",\"@id\":\"https:\\\/\\\/www.cptf.it\\\/it\\\/pubblicazione-del-libro-psicoterapia-sistemico-relacional\\\/#article\",\"isPartOf\":{\"@id\":\"https:\\\/\\\/www.cptf.it\\\/it\\\/pubblicazione-del-libro-psicoterapia-sistemico-relacional\\\/\"},\"author\":{\"name\":\"segreteria\",\"@id\":\"https:\\\/\\\/www.cptf.it\\\/it\\\/#\\\/schema\\\/person\\\/ab2e5f535a9345c05d1241047a511cea\"},\"headline\":\"Pubblicazione del libro &#8220;Psicoterapia Sist\u00e9mico-Relacional. Voces y pr\u00e1cticas contempor\u00e1neas&#8221;\",\"datePublished\":\"2023-10-27T12:37:48+00:00\",\"dateModified\":\"2023-10-27T12:38:07+00:00\",\"mainEntityOfPage\":{\"@id\":\"https:\\\/\\\/www.cptf.it\\\/it\\\/pubblicazione-del-libro-psicoterapia-sistemico-relacional\\\/\"},\"wordCount\":126,\"image\":{\"@id\":\"https:\\\/\\\/www.cptf.it\\\/it\\\/pubblicazione-del-libro-psicoterapia-sistemico-relacional\\\/#primaryimage\"},\"thumbnailUrl\":\"https:\\\/\\\/www.cptf.it\\\/it\\\/wp-content\\\/uploads\\\/Libro-Messicano.jpg\",\"articleSection\":[\"eventi intorno a noi\"],\"inLanguage\":\"it-IT\"},{\"@type\":\"WebPage\",\"@id\":\"https:\\\/\\\/www.cptf.it\\\/it\\\/pubblicazione-del-libro-psicoterapia-sistemico-relacional\\\/\",\"url\":\"https:\\\/\\\/www.cptf.it\\\/it\\\/pubblicazione-del-libro-psicoterapia-sistemico-relacional\\\/\",\"name\":\"Pubblicazione del libro \\\"Psicoterapia Sist\u00e9mico-Relacional. Voces y pr\u00e1cticas contempor\u00e1neas\\\" - CPTF\",\"isPartOf\":{\"@id\":\"https:\\\/\\\/www.cptf.it\\\/it\\\/#website\"},\"primaryImageOfPage\":{\"@id\":\"https:\\\/\\\/www.cptf.it\\\/it\\\/pubblicazione-del-libro-psicoterapia-sistemico-relacional\\\/#primaryimage\"},\"image\":{\"@id\":\"https:\\\/\\\/www.cptf.it\\\/it\\\/pubblicazione-del-libro-psicoterapia-sistemico-relacional\\\/#primaryimage\"},\"thumbnailUrl\":\"https:\\\/\\\/www.cptf.it\\\/it\\\/wp-content\\\/uploads\\\/Libro-Messicano.jpg\",\"datePublished\":\"2023-10-27T12:37:48+00:00\",\"dateModified\":\"2023-10-27T12:38:07+00:00\",\"author\":{\"@id\":\"https:\\\/\\\/www.cptf.it\\\/it\\\/#\\\/schema\\\/person\\\/ab2e5f535a9345c05d1241047a511cea\"},\"description\":\"Pubblicazione del libro \\\"Psicoterapia Sist\u00e9mico-Relacional. Voces y pr\u00e1cticas contempor\u00e1neas\\\" coordinato da Gerardo Res\u00e9ndiz Ju\u00e1rez\",\"breadcrumb\":{\"@id\":\"https:\\\/\\\/www.cptf.it\\\/it\\\/pubblicazione-del-libro-psicoterapia-sistemico-relacional\\\/#breadcrumb\"},\"inLanguage\":\"it-IT\",\"potentialAction\":[{\"@type\":\"ReadAction\",\"target\":[\"https:\\\/\\\/www.cptf.it\\\/it\\\/pubblicazione-del-libro-psicoterapia-sistemico-relacional\\\/\"]}]},{\"@type\":\"ImageObject\",\"inLanguage\":\"it-IT\",\"@id\":\"https:\\\/\\\/www.cptf.it\\\/it\\\/pubblicazione-del-libro-psicoterapia-sistemico-relacional\\\/#primaryimage\",\"url\":\"https:\\\/\\\/www.cptf.it\\\/it\\\/wp-content\\\/uploads\\\/Libro-Messicano.jpg\",\"contentUrl\":\"https:\\\/\\\/www.cptf.it\\\/it\\\/wp-content\\\/uploads\\\/Libro-Messicano.jpg\",\"width\":940,\"height\":788},{\"@type\":\"BreadcrumbList\",\"@id\":\"https:\\\/\\\/www.cptf.it\\\/it\\\/pubblicazione-del-libro-psicoterapia-sistemico-relacional\\\/#breadcrumb\",\"itemListElement\":[{\"@type\":\"ListItem\",\"position\":1,\"name\":\"Home\",\"item\":\"https:\\\/\\\/www.cptf.it\\\/it\\\/\"},{\"@type\":\"ListItem\",\"position\":2,\"name\":\"Pubblicazione del libro &#8220;Psicoterapia Sist\u00e9mico-Relacional. Voces y pr\u00e1cticas contempor\u00e1neas&#8221;\"}]},{\"@type\":\"WebSite\",\"@id\":\"https:\\\/\\\/www.cptf.it\\\/it\\\/#website\",\"url\":\"https:\\\/\\\/www.cptf.it\\\/it\\\/\",\"name\":\"CPTF\",\"description\":\"Centro Padovano di Terapia della famiglia\",\"potentialAction\":[{\"@type\":\"SearchAction\",\"target\":{\"@type\":\"EntryPoint\",\"urlTemplate\":\"https:\\\/\\\/www.cptf.it\\\/it\\\/?s={search_term_string}\"},\"query-input\":{\"@type\":\"PropertyValueSpecification\",\"valueRequired\":true,\"valueName\":\"search_term_string\"}}],\"inLanguage\":\"it-IT\"},{\"@type\":\"Person\",\"@id\":\"https:\\\/\\\/www.cptf.it\\\/it\\\/#\\\/schema\\\/person\\\/ab2e5f535a9345c05d1241047a511cea\",\"name\":\"segreteria\",\"image\":{\"@type\":\"ImageObject\",\"inLanguage\":\"it-IT\",\"@id\":\"https:\\\/\\\/secure.gravatar.com\\\/avatar\\\/f198598e8ef622c0b575e2407a7e39db9f0cb55feaa0c13ffa181dff49e8064c?s=96&d=mm&r=g\",\"url\":\"https:\\\/\\\/secure.gravatar.com\\\/avatar\\\/f198598e8ef622c0b575e2407a7e39db9f0cb55feaa0c13ffa181dff49e8064c?s=96&d=mm&r=g\",\"contentUrl\":\"https:\\\/\\\/secure.gravatar.com\\\/avatar\\\/f198598e8ef622c0b575e2407a7e39db9f0cb55feaa0c13ffa181dff49e8064c?s=96&d=mm&r=g\",\"caption\":\"segreteria\"},\"url\":\"https:\\\/\\\/www.cptf.it\\\/it\\\/author\\\/segreteria\\\/\"}]}<\/script>\n<!-- \/ Yoast SEO plugin. -->","yoast_head_json":{"title":"Pubblicazione del libro \"Psicoterapia Sist\u00e9mico-Relacional. Voces y pr\u00e1cticas contempor\u00e1neas\" - CPTF","description":"Pubblicazione del libro \"Psicoterapia Sist\u00e9mico-Relacional. Voces y pr\u00e1cticas contempor\u00e1neas\" coordinato da Gerardo Res\u00e9ndiz Ju\u00e1rez","robots":{"index":"index","follow":"follow","max-snippet":"max-snippet:-1","max-image-preview":"max-image-preview:large","max-video-preview":"max-video-preview:-1"},"canonical":"https:\/\/www.cptf.it\/it\/pubblicazione-del-libro-psicoterapia-sistemico-relacional\/","og_locale":"it_IT","og_type":"article","og_title":"Pubblicazione del libro \"Psicoterapia Sist\u00e9mico-Relacional. Voces y pr\u00e1cticas contempor\u00e1neas\" - CPTF","og_description":"Pubblicazione del libro \"Psicoterapia Sist\u00e9mico-Relacional. Voces y pr\u00e1cticas contempor\u00e1neas\" coordinato da Gerardo Res\u00e9ndiz Ju\u00e1rez","og_url":"https:\/\/www.cptf.it\/it\/pubblicazione-del-libro-psicoterapia-sistemico-relacional\/","og_site_name":"CPTF","article_published_time":"2023-10-27T12:37:48+00:00","article_modified_time":"2023-10-27T12:38:07+00:00","og_image":[{"width":940,"height":788,"url":"https:\/\/www.cptf.it\/it\/wp-content\/uploads\/Libro-Messicano.jpg","type":"image\/jpeg"}],"author":"segreteria","twitter_card":"summary_large_image","twitter_misc":{"Scritto da":"segreteria","Tempo di lettura stimato":"1 minuto"},"schema":{"@context":"https:\/\/schema.org","@graph":[{"@type":"Article","@id":"https:\/\/www.cptf.it\/it\/pubblicazione-del-libro-psicoterapia-sistemico-relacional\/#article","isPartOf":{"@id":"https:\/\/www.cptf.it\/it\/pubblicazione-del-libro-psicoterapia-sistemico-relacional\/"},"author":{"name":"segreteria","@id":"https:\/\/www.cptf.it\/it\/#\/schema\/person\/ab2e5f535a9345c05d1241047a511cea"},"headline":"Pubblicazione del libro &#8220;Psicoterapia Sist\u00e9mico-Relacional. Voces y pr\u00e1cticas contempor\u00e1neas&#8221;","datePublished":"2023-10-27T12:37:48+00:00","dateModified":"2023-10-27T12:38:07+00:00","mainEntityOfPage":{"@id":"https:\/\/www.cptf.it\/it\/pubblicazione-del-libro-psicoterapia-sistemico-relacional\/"},"wordCount":126,"image":{"@id":"https:\/\/www.cptf.it\/it\/pubblicazione-del-libro-psicoterapia-sistemico-relacional\/#primaryimage"},"thumbnailUrl":"https:\/\/www.cptf.it\/it\/wp-content\/uploads\/Libro-Messicano.jpg","articleSection":["eventi intorno a noi"],"inLanguage":"it-IT"},{"@type":"WebPage","@id":"https:\/\/www.cptf.it\/it\/pubblicazione-del-libro-psicoterapia-sistemico-relacional\/","url":"https:\/\/www.cptf.it\/it\/pubblicazione-del-libro-psicoterapia-sistemico-relacional\/","name":"Pubblicazione del libro \"Psicoterapia Sist\u00e9mico-Relacional. Voces y pr\u00e1cticas contempor\u00e1neas\" - CPTF","isPartOf":{"@id":"https:\/\/www.cptf.it\/it\/#website"},"primaryImageOfPage":{"@id":"https:\/\/www.cptf.it\/it\/pubblicazione-del-libro-psicoterapia-sistemico-relacional\/#primaryimage"},"image":{"@id":"https:\/\/www.cptf.it\/it\/pubblicazione-del-libro-psicoterapia-sistemico-relacional\/#primaryimage"},"thumbnailUrl":"https:\/\/www.cptf.it\/it\/wp-content\/uploads\/Libro-Messicano.jpg","datePublished":"2023-10-27T12:37:48+00:00","dateModified":"2023-10-27T12:38:07+00:00","author":{"@id":"https:\/\/www.cptf.it\/it\/#\/schema\/person\/ab2e5f535a9345c05d1241047a511cea"},"description":"Pubblicazione del libro \"Psicoterapia Sist\u00e9mico-Relacional. Voces y pr\u00e1cticas contempor\u00e1neas\" coordinato da Gerardo Res\u00e9ndiz Ju\u00e1rez","breadcrumb":{"@id":"https:\/\/www.cptf.it\/it\/pubblicazione-del-libro-psicoterapia-sistemico-relacional\/#breadcrumb"},"inLanguage":"it-IT","potentialAction":[{"@type":"ReadAction","target":["https:\/\/www.cptf.it\/it\/pubblicazione-del-libro-psicoterapia-sistemico-relacional\/"]}]},{"@type":"ImageObject","inLanguage":"it-IT","@id":"https:\/\/www.cptf.it\/it\/pubblicazione-del-libro-psicoterapia-sistemico-relacional\/#primaryimage","url":"https:\/\/www.cptf.it\/it\/wp-content\/uploads\/Libro-Messicano.jpg","contentUrl":"https:\/\/www.cptf.it\/it\/wp-content\/uploads\/Libro-Messicano.jpg","width":940,"height":788},{"@type":"BreadcrumbList","@id":"https:\/\/www.cptf.it\/it\/pubblicazione-del-libro-psicoterapia-sistemico-relacional\/#breadcrumb","itemListElement":[{"@type":"ListItem","position":1,"name":"Home","item":"https:\/\/www.cptf.it\/it\/"},{"@type":"ListItem","position":2,"name":"Pubblicazione del libro &#8220;Psicoterapia Sist\u00e9mico-Relacional. Voces y pr\u00e1cticas contempor\u00e1neas&#8221;"}]},{"@type":"WebSite","@id":"https:\/\/www.cptf.it\/it\/#website","url":"https:\/\/www.cptf.it\/it\/","name":"CPTF","description":"Centro Padovano di Terapia della famiglia","potentialAction":[{"@type":"SearchAction","target":{"@type":"EntryPoint","urlTemplate":"https:\/\/www.cptf.it\/it\/?s={search_term_string}"},"query-input":{"@type":"PropertyValueSpecification","valueRequired":true,"valueName":"search_term_string"}}],"inLanguage":"it-IT"},{"@type":"Person","@id":"https:\/\/www.cptf.it\/it\/#\/schema\/person\/ab2e5f535a9345c05d1241047a511cea","name":"segreteria","image":{"@type":"ImageObject","inLanguage":"it-IT","@id":"https:\/\/secure.gravatar.com\/avatar\/f198598e8ef622c0b575e2407a7e39db9f0cb55feaa0c13ffa181dff49e8064c?s=96&d=mm&r=g","url":"https:\/\/secure.gravatar.com\/avatar\/f198598e8ef622c0b575e2407a7e39db9f0cb55feaa0c13ffa181dff49e8064c?s=96&d=mm&r=g","contentUrl":"https:\/\/secure.gravatar.com\/avatar\/f198598e8ef622c0b575e2407a7e39db9f0cb55feaa0c13ffa181dff49e8064c?s=96&d=mm&r=g","caption":"segreteria"},"url":"https:\/\/www.cptf.it\/it\/author\/segreteria\/"}]}},"_links":{"self":[{"href":"https:\/\/www.cptf.it\/it\/wp-json\/wp\/v2\/posts\/12076","targetHints":{"allow":["GET"]}}],"collection":[{"href":"https:\/\/www.cptf.it\/it\/wp-json\/wp\/v2\/posts"}],"about":[{"href":"https:\/\/www.cptf.it\/it\/wp-json\/wp\/v2\/types\/post"}],"author":[{"embeddable":true,"href":"https:\/\/www.cptf.it\/it\/wp-json\/wp\/v2\/users\/2"}],"replies":[{"embeddable":true,"href":"https:\/\/www.cptf.it\/it\/wp-json\/wp\/v2\/comments?post=12076"}],"version-history":[{"count":3,"href":"https:\/\/www.cptf.it\/it\/wp-json\/wp\/v2\/posts\/12076\/revisions"}],"predecessor-version":[{"id":12080,"href":"https:\/\/www.cptf.it\/it\/wp-json\/wp\/v2\/posts\/12076\/revisions\/12080"}],"wp:featuredmedia":[{"embeddable":true,"href":"https:\/\/www.cptf.it\/it\/wp-json\/wp\/v2\/media\/12077"}],"wp:attachment":[{"href":"https:\/\/www.cptf.it\/it\/wp-json\/wp\/v2\/media?parent=12076"}],"wp:term":[{"taxonomy":"category","embeddable":true,"href":"https:\/\/www.cptf.it\/it\/wp-json\/wp\/v2\/categories?post=12076"},{"taxonomy":"post_tag","embeddable":true,"href":"https:\/\/www.cptf.it\/it\/wp-json\/wp\/v2\/tags?post=12076"}],"curies":[{"name":"wp","href":"https:\/\/api.w.org\/{rel}","templated":true}]}}