{"id":12279,"date":"2024-05-03T16:41:47","date_gmt":"2024-05-03T15:41:47","guid":{"rendered":"https:\/\/www.cptf.it\/it\/?p=12279"},"modified":"2024-05-03T16:41:47","modified_gmt":"2024-05-03T15:41:47","slug":"presentazione-libro-fragili-10-maggio-2024-c-o-libreria-ubik-trieste","status":"publish","type":"post","link":"https:\/\/www.cptf.it\/it\/presentazione-libro-fragili-10-maggio-2024-c-o-libreria-ubik-trieste\/","title":{"rendered":"Presentazione Libro &#8220;FRAGILI&#8221; 10 maggio 2024 c\/o LIBRERIA UBIK TRIESTE"},"content":{"rendered":"<div class=\"wpb-content-wrapper\"><p>[vc_row css_animation=&#8221;&#8221; row_type=&#8221;row&#8221; use_row_as_full_screen_section=&#8221;no&#8221; type=&#8221;full_width&#8221; angled_section=&#8221;no&#8221; text_align=&#8221;left&#8221; background_image_as_pattern=&#8221;without_pattern&#8221;][vc_column][vc_column_text]<\/p>\n<h2><\/h2>\n<h2 style=\"text-align: center;\">&#8220;FRAGILI&#8221;<\/h2>\n<p><em>10 Maggio 2024 | 18:00 &#8211; 20:00<\/em><\/p>\n<p>Il dottor Leonardo Mendolicchio, psichiatra e psicoanalista, direttore sanitario dell&#8217;istituto auxologico di Piancavallo e direttore sanitario di Food for Mind Italia, presenter\u00e0 il suo libro &#8220;Fragili&#8221;.<\/p>\n<p>Il testo , indirizzato a genitori, educatori e personale che lavora con famiglie e ragazzi, sottolinea la necessit\u00e0 della ripresa consapevole e autorevole della propria posizione genitoriale, all&#8217;interno di una societ\u00e0 sempre pi\u00f9 liquida, dove i confini vengono vissuti come criticit\u00e0 e non elementi di premessa alla salute mentale.<\/p>\n<p>&nbsp;<\/p>\n<p>c\/o LIBRERIA UBIK TRIESTE<\/p>\n<p>dentro la Galleria del Tergesteo, Piazza della Borsa, 15, 34121 Trieste TS<\/p>\n<p>[\/vc_column_text][\/vc_column][\/vc_row]<\/p>\n<\/div>","protected":false},"excerpt":{"rendered":"<p>[vc_row css_animation=&#8221;&#8221; row_type=&#8221;row&#8221; use_row_as_full_screen_section=&#8221;no&#8221; type=&#8221;full_width&#8221; angled_section=&#8221;no&#8221; text_align=&#8221;left&#8221; background_image_as_pattern=&#8221;without_pattern&#8221;][vc_column][vc_column_text] &#8220;FRAGILI&#8221; 10 Maggio 2024 | 18:00 &#8211; 20:00 Il dottor Leonardo Mendolicchio, psichiatra e psicoanalista, direttore sanitario dell&#8217;istituto auxologico di Piancavallo e direttore sanitario di Food for Mind Italia, presenter\u00e0 il suo libro &#8220;Fragili&#8221;. Il testo , indirizzato a genitori, educatori e&#8230;<\/p>\n","protected":false},"author":2,"featured_media":12283,"comment_status":"closed","ping_status":"open","sticky":false,"template":"","format":"standard","meta":{"footnotes":""},"categories":[5],"tags":[],"class_list":["post-12279","post","type-post","status-publish","format-standard","has-post-thumbnail","hentry","category-eventi-intorno-a-noi"],"yoast_head":"<!-- This site is optimized with the Yoast SEO plugin v27.3 - https:\/\/yoast.com\/product\/yoast-seo-wordpress\/ -->\n<title>Presentazione Libro &quot;FRAGILI&quot; 10 maggio 2024 c\/o LIBRERIA UBIK TRIESTE - CPTF<\/title>\n<meta name=\"description\" content=\"SIRTS: Giornata di studio - 9 marzo 2024 &quot;L\u2019USO DELLE IMMAGINI NELLA CLINICA E NELLE RELAZIONI D\u2019AIUTO&quot;\" \/>\n<meta name=\"robots\" content=\"index, follow, max-snippet:-1, max-image-preview:large, max-video-preview:-1\" \/>\n<link rel=\"canonical\" href=\"https:\/\/www.cptf.it\/it\/presentazione-libro-fragili-10-maggio-2024-c-o-libreria-ubik-trieste\/\" \/>\n<meta property=\"og:locale\" content=\"it_IT\" \/>\n<meta property=\"og:type\" content=\"article\" \/>\n<meta property=\"og:title\" content=\"Presentazione Libro &quot;FRAGILI&quot; 10 maggio 2024 c\/o LIBRERIA UBIK TRIESTE - CPTF\" \/>\n<meta property=\"og:description\" content=\"SIRTS: Giornata di studio - 9 marzo 2024 &quot;L\u2019USO DELLE IMMAGINI NELLA CLINICA E NELLE RELAZIONI D\u2019AIUTO&quot;\" \/>\n<meta property=\"og:url\" content=\"https:\/\/www.cptf.it\/it\/presentazione-libro-fragili-10-maggio-2024-c-o-libreria-ubik-trieste\/\" \/>\n<meta property=\"og:site_name\" content=\"CPTF\" \/>\n<meta property=\"article:published_time\" content=\"2024-05-03T15:41:47+00:00\" \/>\n<meta property=\"og:image\" content=\"https:\/\/www.cptf.it\/it\/wp-content\/uploads\/IMG-20240502-WA0012.jpg\" \/>\n\t<meta property=\"og:image:width\" content=\"1080\" \/>\n\t<meta property=\"og:image:height\" content=\"1514\" \/>\n\t<meta property=\"og:image:type\" content=\"image\/jpeg\" \/>\n<meta name=\"author\" content=\"segreteria\" \/>\n<meta name=\"twitter:card\" content=\"summary_large_image\" \/>\n<meta name=\"twitter:label1\" content=\"Scritto da\" \/>\n\t<meta name=\"twitter:data1\" content=\"segreteria\" \/>\n\t<meta name=\"twitter:label2\" content=\"Tempo di lettura stimato\" \/>\n\t<meta name=\"twitter:data2\" content=\"1 minuto\" \/>\n<script type=\"application\/ld+json\" class=\"yoast-schema-graph\">{\"@context\":\"https:\\\/\\\/schema.org\",\"@graph\":[{\"@type\":\"Article\",\"@id\":\"https:\\\/\\\/www.cptf.it\\\/it\\\/presentazione-libro-fragili-10-maggio-2024-c-o-libreria-ubik-trieste\\\/#article\",\"isPartOf\":{\"@id\":\"https:\\\/\\\/www.cptf.it\\\/it\\\/presentazione-libro-fragili-10-maggio-2024-c-o-libreria-ubik-trieste\\\/\"},\"author\":{\"name\":\"segreteria\",\"@id\":\"https:\\\/\\\/www.cptf.it\\\/it\\\/#\\\/schema\\\/person\\\/ab2e5f535a9345c05d1241047a511cea\"},\"headline\":\"Presentazione Libro &#8220;FRAGILI&#8221; 10 maggio 2024 c\\\/o LIBRERIA UBIK TRIESTE\",\"datePublished\":\"2024-05-03T15:41:47+00:00\",\"mainEntityOfPage\":{\"@id\":\"https:\\\/\\\/www.cptf.it\\\/it\\\/presentazione-libro-fragili-10-maggio-2024-c-o-libreria-ubik-trieste\\\/\"},\"wordCount\":145,\"image\":{\"@id\":\"https:\\\/\\\/www.cptf.it\\\/it\\\/presentazione-libro-fragili-10-maggio-2024-c-o-libreria-ubik-trieste\\\/#primaryimage\"},\"thumbnailUrl\":\"https:\\\/\\\/www.cptf.it\\\/it\\\/wp-content\\\/uploads\\\/IMG-20240502-WA0012.jpg\",\"articleSection\":[\"eventi intorno a noi\"],\"inLanguage\":\"it-IT\"},{\"@type\":\"WebPage\",\"@id\":\"https:\\\/\\\/www.cptf.it\\\/it\\\/presentazione-libro-fragili-10-maggio-2024-c-o-libreria-ubik-trieste\\\/\",\"url\":\"https:\\\/\\\/www.cptf.it\\\/it\\\/presentazione-libro-fragili-10-maggio-2024-c-o-libreria-ubik-trieste\\\/\",\"name\":\"Presentazione Libro \\\"FRAGILI\\\" 10 maggio 2024 c\\\/o LIBRERIA UBIK TRIESTE - CPTF\",\"isPartOf\":{\"@id\":\"https:\\\/\\\/www.cptf.it\\\/it\\\/#website\"},\"primaryImageOfPage\":{\"@id\":\"https:\\\/\\\/www.cptf.it\\\/it\\\/presentazione-libro-fragili-10-maggio-2024-c-o-libreria-ubik-trieste\\\/#primaryimage\"},\"image\":{\"@id\":\"https:\\\/\\\/www.cptf.it\\\/it\\\/presentazione-libro-fragili-10-maggio-2024-c-o-libreria-ubik-trieste\\\/#primaryimage\"},\"thumbnailUrl\":\"https:\\\/\\\/www.cptf.it\\\/it\\\/wp-content\\\/uploads\\\/IMG-20240502-WA0012.jpg\",\"datePublished\":\"2024-05-03T15:41:47+00:00\",\"author\":{\"@id\":\"https:\\\/\\\/www.cptf.it\\\/it\\\/#\\\/schema\\\/person\\\/ab2e5f535a9345c05d1241047a511cea\"},\"description\":\"SIRTS: Giornata di studio - 9 marzo 2024 \\\"L\u2019USO DELLE IMMAGINI NELLA CLINICA E NELLE RELAZIONI D\u2019AIUTO\\\"\",\"breadcrumb\":{\"@id\":\"https:\\\/\\\/www.cptf.it\\\/it\\\/presentazione-libro-fragili-10-maggio-2024-c-o-libreria-ubik-trieste\\\/#breadcrumb\"},\"inLanguage\":\"it-IT\",\"potentialAction\":[{\"@type\":\"ReadAction\",\"target\":[\"https:\\\/\\\/www.cptf.it\\\/it\\\/presentazione-libro-fragili-10-maggio-2024-c-o-libreria-ubik-trieste\\\/\"]}]},{\"@type\":\"ImageObject\",\"inLanguage\":\"it-IT\",\"@id\":\"https:\\\/\\\/www.cptf.it\\\/it\\\/presentazione-libro-fragili-10-maggio-2024-c-o-libreria-ubik-trieste\\\/#primaryimage\",\"url\":\"https:\\\/\\\/www.cptf.it\\\/it\\\/wp-content\\\/uploads\\\/IMG-20240502-WA0012.jpg\",\"contentUrl\":\"https:\\\/\\\/www.cptf.it\\\/it\\\/wp-content\\\/uploads\\\/IMG-20240502-WA0012.jpg\",\"width\":1080,\"height\":1514},{\"@type\":\"BreadcrumbList\",\"@id\":\"https:\\\/\\\/www.cptf.it\\\/it\\\/presentazione-libro-fragili-10-maggio-2024-c-o-libreria-ubik-trieste\\\/#breadcrumb\",\"itemListElement\":[{\"@type\":\"ListItem\",\"position\":1,\"name\":\"Home\",\"item\":\"https:\\\/\\\/www.cptf.it\\\/it\\\/\"},{\"@type\":\"ListItem\",\"position\":2,\"name\":\"Presentazione Libro &#8220;FRAGILI&#8221; 10 maggio 2024 c\\\/o LIBRERIA UBIK TRIESTE\"}]},{\"@type\":\"WebSite\",\"@id\":\"https:\\\/\\\/www.cptf.it\\\/it\\\/#website\",\"url\":\"https:\\\/\\\/www.cptf.it\\\/it\\\/\",\"name\":\"CPTF\",\"description\":\"Centro Padovano di Terapia della famiglia\",\"potentialAction\":[{\"@type\":\"SearchAction\",\"target\":{\"@type\":\"EntryPoint\",\"urlTemplate\":\"https:\\\/\\\/www.cptf.it\\\/it\\\/?s={search_term_string}\"},\"query-input\":{\"@type\":\"PropertyValueSpecification\",\"valueRequired\":true,\"valueName\":\"search_term_string\"}}],\"inLanguage\":\"it-IT\"},{\"@type\":\"Person\",\"@id\":\"https:\\\/\\\/www.cptf.it\\\/it\\\/#\\\/schema\\\/person\\\/ab2e5f535a9345c05d1241047a511cea\",\"name\":\"segreteria\",\"image\":{\"@type\":\"ImageObject\",\"inLanguage\":\"it-IT\",\"@id\":\"https:\\\/\\\/secure.gravatar.com\\\/avatar\\\/f198598e8ef622c0b575e2407a7e39db9f0cb55feaa0c13ffa181dff49e8064c?s=96&d=mm&r=g\",\"url\":\"https:\\\/\\\/secure.gravatar.com\\\/avatar\\\/f198598e8ef622c0b575e2407a7e39db9f0cb55feaa0c13ffa181dff49e8064c?s=96&d=mm&r=g\",\"contentUrl\":\"https:\\\/\\\/secure.gravatar.com\\\/avatar\\\/f198598e8ef622c0b575e2407a7e39db9f0cb55feaa0c13ffa181dff49e8064c?s=96&d=mm&r=g\",\"caption\":\"segreteria\"},\"url\":\"https:\\\/\\\/www.cptf.it\\\/it\\\/author\\\/segreteria\\\/\"}]}<\/script>\n<!-- \/ Yoast SEO plugin. -->","yoast_head_json":{"title":"Presentazione Libro \"FRAGILI\" 10 maggio 2024 c\/o LIBRERIA UBIK TRIESTE - CPTF","description":"SIRTS: Giornata di studio - 9 marzo 2024 \"L\u2019USO DELLE IMMAGINI NELLA CLINICA E NELLE RELAZIONI D\u2019AIUTO\"","robots":{"index":"index","follow":"follow","max-snippet":"max-snippet:-1","max-image-preview":"max-image-preview:large","max-video-preview":"max-video-preview:-1"},"canonical":"https:\/\/www.cptf.it\/it\/presentazione-libro-fragili-10-maggio-2024-c-o-libreria-ubik-trieste\/","og_locale":"it_IT","og_type":"article","og_title":"Presentazione Libro \"FRAGILI\" 10 maggio 2024 c\/o LIBRERIA UBIK TRIESTE - CPTF","og_description":"SIRTS: Giornata di studio - 9 marzo 2024 \"L\u2019USO DELLE IMMAGINI NELLA CLINICA E NELLE RELAZIONI D\u2019AIUTO\"","og_url":"https:\/\/www.cptf.it\/it\/presentazione-libro-fragili-10-maggio-2024-c-o-libreria-ubik-trieste\/","og_site_name":"CPTF","article_published_time":"2024-05-03T15:41:47+00:00","og_image":[{"width":1080,"height":1514,"url":"https:\/\/www.cptf.it\/it\/wp-content\/uploads\/IMG-20240502-WA0012.jpg","type":"image\/jpeg"}],"author":"segreteria","twitter_card":"summary_large_image","twitter_misc":{"Scritto da":"segreteria","Tempo di lettura stimato":"1 minuto"},"schema":{"@context":"https:\/\/schema.org","@graph":[{"@type":"Article","@id":"https:\/\/www.cptf.it\/it\/presentazione-libro-fragili-10-maggio-2024-c-o-libreria-ubik-trieste\/#article","isPartOf":{"@id":"https:\/\/www.cptf.it\/it\/presentazione-libro-fragili-10-maggio-2024-c-o-libreria-ubik-trieste\/"},"author":{"name":"segreteria","@id":"https:\/\/www.cptf.it\/it\/#\/schema\/person\/ab2e5f535a9345c05d1241047a511cea"},"headline":"Presentazione Libro &#8220;FRAGILI&#8221; 10 maggio 2024 c\/o LIBRERIA UBIK TRIESTE","datePublished":"2024-05-03T15:41:47+00:00","mainEntityOfPage":{"@id":"https:\/\/www.cptf.it\/it\/presentazione-libro-fragili-10-maggio-2024-c-o-libreria-ubik-trieste\/"},"wordCount":145,"image":{"@id":"https:\/\/www.cptf.it\/it\/presentazione-libro-fragili-10-maggio-2024-c-o-libreria-ubik-trieste\/#primaryimage"},"thumbnailUrl":"https:\/\/www.cptf.it\/it\/wp-content\/uploads\/IMG-20240502-WA0012.jpg","articleSection":["eventi intorno a noi"],"inLanguage":"it-IT"},{"@type":"WebPage","@id":"https:\/\/www.cptf.it\/it\/presentazione-libro-fragili-10-maggio-2024-c-o-libreria-ubik-trieste\/","url":"https:\/\/www.cptf.it\/it\/presentazione-libro-fragili-10-maggio-2024-c-o-libreria-ubik-trieste\/","name":"Presentazione Libro \"FRAGILI\" 10 maggio 2024 c\/o LIBRERIA UBIK TRIESTE - CPTF","isPartOf":{"@id":"https:\/\/www.cptf.it\/it\/#website"},"primaryImageOfPage":{"@id":"https:\/\/www.cptf.it\/it\/presentazione-libro-fragili-10-maggio-2024-c-o-libreria-ubik-trieste\/#primaryimage"},"image":{"@id":"https:\/\/www.cptf.it\/it\/presentazione-libro-fragili-10-maggio-2024-c-o-libreria-ubik-trieste\/#primaryimage"},"thumbnailUrl":"https:\/\/www.cptf.it\/it\/wp-content\/uploads\/IMG-20240502-WA0012.jpg","datePublished":"2024-05-03T15:41:47+00:00","author":{"@id":"https:\/\/www.cptf.it\/it\/#\/schema\/person\/ab2e5f535a9345c05d1241047a511cea"},"description":"SIRTS: Giornata di studio - 9 marzo 2024 \"L\u2019USO DELLE IMMAGINI NELLA CLINICA E NELLE RELAZIONI D\u2019AIUTO\"","breadcrumb":{"@id":"https:\/\/www.cptf.it\/it\/presentazione-libro-fragili-10-maggio-2024-c-o-libreria-ubik-trieste\/#breadcrumb"},"inLanguage":"it-IT","potentialAction":[{"@type":"ReadAction","target":["https:\/\/www.cptf.it\/it\/presentazione-libro-fragili-10-maggio-2024-c-o-libreria-ubik-trieste\/"]}]},{"@type":"ImageObject","inLanguage":"it-IT","@id":"https:\/\/www.cptf.it\/it\/presentazione-libro-fragili-10-maggio-2024-c-o-libreria-ubik-trieste\/#primaryimage","url":"https:\/\/www.cptf.it\/it\/wp-content\/uploads\/IMG-20240502-WA0012.jpg","contentUrl":"https:\/\/www.cptf.it\/it\/wp-content\/uploads\/IMG-20240502-WA0012.jpg","width":1080,"height":1514},{"@type":"BreadcrumbList","@id":"https:\/\/www.cptf.it\/it\/presentazione-libro-fragili-10-maggio-2024-c-o-libreria-ubik-trieste\/#breadcrumb","itemListElement":[{"@type":"ListItem","position":1,"name":"Home","item":"https:\/\/www.cptf.it\/it\/"},{"@type":"ListItem","position":2,"name":"Presentazione Libro &#8220;FRAGILI&#8221; 10 maggio 2024 c\/o LIBRERIA UBIK TRIESTE"}]},{"@type":"WebSite","@id":"https:\/\/www.cptf.it\/it\/#website","url":"https:\/\/www.cptf.it\/it\/","name":"CPTF","description":"Centro Padovano di Terapia della famiglia","potentialAction":[{"@type":"SearchAction","target":{"@type":"EntryPoint","urlTemplate":"https:\/\/www.cptf.it\/it\/?s={search_term_string}"},"query-input":{"@type":"PropertyValueSpecification","valueRequired":true,"valueName":"search_term_string"}}],"inLanguage":"it-IT"},{"@type":"Person","@id":"https:\/\/www.cptf.it\/it\/#\/schema\/person\/ab2e5f535a9345c05d1241047a511cea","name":"segreteria","image":{"@type":"ImageObject","inLanguage":"it-IT","@id":"https:\/\/secure.gravatar.com\/avatar\/f198598e8ef622c0b575e2407a7e39db9f0cb55feaa0c13ffa181dff49e8064c?s=96&d=mm&r=g","url":"https:\/\/secure.gravatar.com\/avatar\/f198598e8ef622c0b575e2407a7e39db9f0cb55feaa0c13ffa181dff49e8064c?s=96&d=mm&r=g","contentUrl":"https:\/\/secure.gravatar.com\/avatar\/f198598e8ef622c0b575e2407a7e39db9f0cb55feaa0c13ffa181dff49e8064c?s=96&d=mm&r=g","caption":"segreteria"},"url":"https:\/\/www.cptf.it\/it\/author\/segreteria\/"}]}},"_links":{"self":[{"href":"https:\/\/www.cptf.it\/it\/wp-json\/wp\/v2\/posts\/12279","targetHints":{"allow":["GET"]}}],"collection":[{"href":"https:\/\/www.cptf.it\/it\/wp-json\/wp\/v2\/posts"}],"about":[{"href":"https:\/\/www.cptf.it\/it\/wp-json\/wp\/v2\/types\/post"}],"author":[{"embeddable":true,"href":"https:\/\/www.cptf.it\/it\/wp-json\/wp\/v2\/users\/2"}],"replies":[{"embeddable":true,"href":"https:\/\/www.cptf.it\/it\/wp-json\/wp\/v2\/comments?post=12279"}],"version-history":[{"count":1,"href":"https:\/\/www.cptf.it\/it\/wp-json\/wp\/v2\/posts\/12279\/revisions"}],"predecessor-version":[{"id":12284,"href":"https:\/\/www.cptf.it\/it\/wp-json\/wp\/v2\/posts\/12279\/revisions\/12284"}],"wp:featuredmedia":[{"embeddable":true,"href":"https:\/\/www.cptf.it\/it\/wp-json\/wp\/v2\/media\/12283"}],"wp:attachment":[{"href":"https:\/\/www.cptf.it\/it\/wp-json\/wp\/v2\/media?parent=12279"}],"wp:term":[{"taxonomy":"category","embeddable":true,"href":"https:\/\/www.cptf.it\/it\/wp-json\/wp\/v2\/categories?post=12279"},{"taxonomy":"post_tag","embeddable":true,"href":"https:\/\/www.cptf.it\/it\/wp-json\/wp\/v2\/tags?post=12279"}],"curies":[{"name":"wp","href":"https:\/\/api.w.org\/{rel}","templated":true}]}}