{"id":12308,"date":"2024-09-20T14:19:48","date_gmt":"2024-09-20T13:19:48","guid":{"rendered":"https:\/\/www.cptf.it\/it\/?p=12308"},"modified":"2024-09-20T14:19:48","modified_gmt":"2024-09-20T13:19:48","slug":"congresso-internazionale-sirts","status":"publish","type":"post","link":"https:\/\/www.cptf.it\/it\/congresso-internazionale-sirts\/","title":{"rendered":"Congresso Internazionale SIRTS"},"content":{"rendered":"<div class=\"wpb-content-wrapper\"><p>[vc_row css_animation=&#8221;&#8221; row_type=&#8221;row&#8221; use_row_as_full_screen_section=&#8221;no&#8221; type=&#8221;full_width&#8221; angled_section=&#8221;no&#8221; text_align=&#8221;left&#8221; background_image_as_pattern=&#8221;without_pattern&#8221;][vc_column][vc_column_text]<\/p>\n<h2><a class=\"ic-text-decoration-none\" href=\"https:\/\/www.sirts.org\/eventi\/prossimo-congresso\/58-clinica-sistemica-e-frammentazione-dei-contesti-cura-dei-legami-e-nuove-complessita\">Clinica sistemica e frammentazione dei contesti &#8211; Cura dei legami e nuove complessit\u00e0<\/a><\/h2>\n<div class=\"details ic-details\">\n<div class=\"ic-event-date\"><strong>Data:<\/strong>\u00a0<span class=\"ic-period-startdate\">16\u00a0Maggio\u00a02025<\/span><span class=\"ic-datetime-separator\">\u00a0&#8211;\u00a0<\/span><span class=\"ic-period-enddate\">17\u00a0Maggio\u00a02025<\/span><\/div>\n<p>&nbsp;<\/p>\n<\/div>\n<div id=\"ic-detail-desc\" class=\"ic-detail-desc\">\n<div class=\"ic-short-description\"><\/div>\n<div class=\"ic-full-description\">\n<p><strong>Clinica sistemica e frammentazione dei contesti<br \/>\n<\/strong>Cura dei legami e nuove complessit\u00e0<\/p>\n<p><strong><em>Cliniques syst\u00e9miques et fragmentation des contextes<br \/>\n<\/em><\/strong><em>Soin des liens et nouvelles complexit\u00e9s<\/em><\/p>\n<p><strong><em>Systemic clinical practice and fragmentation of contexts<br \/>\n<\/em><\/strong><em>Care of bonds and new complexities<\/em><\/p>\n<p>La\u00a0<strong>SIRTS<\/strong>, in occasione dei suoi\u00a0<strong>40 anni<\/strong>, vuole promuovere una riflessione sul\u00a0<strong>ruolo<\/strong>\u00a0<strong>della clinica sistemica nel favorire connessioni e cura di legami<\/strong>, nei sistemi e tra i sistemi, nell\u2019incontro con le coppie, le famiglie e i contesti comunitari. Come terapeuti sistemici e come cittadini di questa contemporaneit\u00e0\u00a0<strong>osserviamo il prevalere della frammentazione nei contesti relazionali<\/strong>\u00a0che ci interpellano. Il lavoro nella complessit\u00e0 ci interroga come professionisti delle relazioni di aiuto e ci stimola ad accompagnare il cambiamento e integrare i nuovi paradigmi della mente in cornici generative di senso e di nuove aperture. Il congresso offrir\u00e0\u00a0<strong>occasioni di dibattito e dialogo tra relatori e partecipanti per stimolare nuove connessioni con il contributo di tutti<\/strong>.<\/p>\n<\/div>\n<p><strong>Il congresso sar\u00e0 strutturato in 4 sessioni\u00a0<\/strong>ciascuna focalizzata su un diverso ambito in cui l\u2019approccio sistemico permette di contrastare la frammentazione:<\/p>\n<ol>\n<li><strong>Clinica sistemica contemporanea: nuovi orientamenti, dilemmi, confronti e integrazioni\u2026<br \/>\n<\/strong>Contributi originali sullo sviluppo del pensiero sistemico.<\/li>\n<li><strong>Altri paradigmi della mente e mappe della psiche nel lavoro sistemico<br \/>\n<\/strong>Proposte che integrano nell\u2019approccio sistemico altre teorie, modelli, protocolli e strumenti (es. neuroscienze, attaccamento, trauma, mentalizzazione, etc\u2026).<\/li>\n<li><strong>La cura dei legami nelle coppie, nelle famiglie e nei sistemi sociali<br \/>\n<\/strong>Esempi di buone prassi e realizzazione di interventi clinici e di rete in diversi contesti.<\/li>\n<li><strong>Affrontare le nuove complessit\u00e0 nei contesti di cura<br \/>\n<\/strong>Proposte di organizzazione di nuovi setting e supervisione e supporto alle equipe curanti.<\/li>\n<\/ol>\n<p>Ogni sezione preveder\u00e0\u00a0<strong>invited speaker<\/strong>, una\u00a0<strong>tavola rotonda<\/strong>\u00a0con esponenti di diverse scuole sistemiche e le\u00a0<strong>relazioni<\/strong>\u00a0e\u00a0<strong>poster<\/strong>\u00a0della call for paper.<strong>\u00a0Invitiamo pertanto a inviare proposte per contributi orali e poster\u00a0<\/strong>(secondo il modello abstract allegato) a<strong>:\u00a0<\/strong><strong><span id=\"cloake1099e4c86302d776aa2065a4f917d90\"><a href=\"mailto:segreteria@sirts.org\">segreteria@sirts.org<\/a><\/span><\/strong><\/p>\n<\/div>\n<p><strong>Deadlines:<\/strong><\/p>\n<p><strong>15\/10\/24<\/strong>\u00a0invio contributi &#8211;\u00a0<em>soumission des contributions\u00a0&#8211;\u00a0<\/em><em>submission of contributions<\/em><\/p>\n<p><strong>15\/11\/24<\/strong>\u00a0accettazione contributi &#8211;\u00a0<em>acceptation des contributions\u00a0&#8211;\u00a0<\/em><em>acceptance of contributions<\/em><\/p>\n<p><strong>15\/12\/24<\/strong>\u00a0pubblicazione programma definitivo &#8211;\u00a0<em>publication du programme final\u00a0&#8211;\u00a0<\/em><em>publication of final programme<\/em><\/p>\n<p>&nbsp;<\/p>\n<p><a href=\"https:\/\/www.sirts.org\/eventi\/prossimo-congresso\/58-clinica-sistemica-e-frammentazione-dei-contesti-cura-dei-legami-e-nuove-complessita\">https:\/\/www.sirts.org\/eventi\/prossimo-congresso\/58-clinica-sistemica-e-frammentazione-dei-contesti-cura-dei-legami-e-nuove-complessita\u00a0<\/a>[\/vc_column_text][\/vc_column][\/vc_row]<\/p>\n<\/div>","protected":false},"excerpt":{"rendered":"<p>[vc_row css_animation=&#8221;&#8221; row_type=&#8221;row&#8221; use_row_as_full_screen_section=&#8221;no&#8221; type=&#8221;full_width&#8221; angled_section=&#8221;no&#8221; text_align=&#8221;left&#8221; background_image_as_pattern=&#8221;without_pattern&#8221;][vc_column][vc_column_text] Clinica sistemica e frammentazione dei contesti &#8211; Cura dei legami e nuove complessit\u00e0 Data:\u00a016\u00a0Maggio\u00a02025\u00a0&#8211;\u00a017\u00a0Maggio\u00a02025 &nbsp; Clinica sistemica e frammentazione dei contesti Cura dei legami e nuove complessit\u00e0 Cliniques syst\u00e9miques et fragmentation des contextes Soin des liens et nouvelles complexit\u00e9s Systemic clinical practice&#8230;<\/p>\n","protected":false},"author":2,"featured_media":12311,"comment_status":"closed","ping_status":"open","sticky":false,"template":"","format":"standard","meta":{"footnotes":""},"categories":[5],"tags":[],"class_list":["post-12308","post","type-post","status-publish","format-standard","has-post-thumbnail","hentry","category-eventi-intorno-a-noi"],"yoast_head":"<!-- This site is optimized with the Yoast SEO plugin v27.3 - https:\/\/yoast.com\/product\/yoast-seo-wordpress\/ -->\n<title>Congresso Internazionale SIRTS - CPTF<\/title>\n<meta name=\"description\" content=\"SIRTS: Giornata di studio - 9 marzo 2024 &quot;L\u2019USO DELLE IMMAGINI NELLA CLINICA E NELLE RELAZIONI D\u2019AIUTO&quot;\" \/>\n<meta name=\"robots\" content=\"index, follow, max-snippet:-1, max-image-preview:large, max-video-preview:-1\" \/>\n<link rel=\"canonical\" href=\"https:\/\/www.cptf.it\/it\/congresso-internazionale-sirts\/\" \/>\n<meta property=\"og:locale\" content=\"it_IT\" \/>\n<meta property=\"og:type\" content=\"article\" \/>\n<meta property=\"og:title\" content=\"Congresso Internazionale SIRTS - CPTF\" \/>\n<meta property=\"og:description\" content=\"SIRTS: Giornata di studio - 9 marzo 2024 &quot;L\u2019USO DELLE IMMAGINI NELLA CLINICA E NELLE RELAZIONI D\u2019AIUTO&quot;\" \/>\n<meta property=\"og:url\" content=\"https:\/\/www.cptf.it\/it\/congresso-internazionale-sirts\/\" \/>\n<meta property=\"og:site_name\" content=\"CPTF\" \/>\n<meta property=\"article:published_time\" content=\"2024-09-20T13:19:48+00:00\" \/>\n<meta property=\"og:image\" content=\"https:\/\/www.cptf.it\/it\/wp-content\/uploads\/SIRT.png\" \/>\n\t<meta property=\"og:image:width\" content=\"611\" \/>\n\t<meta property=\"og:image:height\" content=\"894\" \/>\n\t<meta property=\"og:image:type\" content=\"image\/png\" \/>\n<meta name=\"author\" content=\"segreteria\" \/>\n<meta name=\"twitter:card\" content=\"summary_large_image\" \/>\n<meta name=\"twitter:label1\" content=\"Scritto da\" \/>\n\t<meta name=\"twitter:data1\" content=\"segreteria\" \/>\n\t<meta name=\"twitter:label2\" content=\"Tempo di lettura stimato\" \/>\n\t<meta name=\"twitter:data2\" content=\"3 minuti\" \/>\n<script type=\"application\/ld+json\" class=\"yoast-schema-graph\">{\"@context\":\"https:\\\/\\\/schema.org\",\"@graph\":[{\"@type\":\"Article\",\"@id\":\"https:\\\/\\\/www.cptf.it\\\/it\\\/congresso-internazionale-sirts\\\/#article\",\"isPartOf\":{\"@id\":\"https:\\\/\\\/www.cptf.it\\\/it\\\/congresso-internazionale-sirts\\\/\"},\"author\":{\"name\":\"segreteria\",\"@id\":\"https:\\\/\\\/www.cptf.it\\\/it\\\/#\\\/schema\\\/person\\\/ab2e5f535a9345c05d1241047a511cea\"},\"headline\":\"Congresso Internazionale SIRTS\",\"datePublished\":\"2024-09-20T13:19:48+00:00\",\"mainEntityOfPage\":{\"@id\":\"https:\\\/\\\/www.cptf.it\\\/it\\\/congresso-internazionale-sirts\\\/\"},\"wordCount\":416,\"image\":{\"@id\":\"https:\\\/\\\/www.cptf.it\\\/it\\\/congresso-internazionale-sirts\\\/#primaryimage\"},\"thumbnailUrl\":\"https:\\\/\\\/www.cptf.it\\\/it\\\/wp-content\\\/uploads\\\/SIRT.png\",\"articleSection\":[\"eventi intorno a noi\"],\"inLanguage\":\"it-IT\"},{\"@type\":\"WebPage\",\"@id\":\"https:\\\/\\\/www.cptf.it\\\/it\\\/congresso-internazionale-sirts\\\/\",\"url\":\"https:\\\/\\\/www.cptf.it\\\/it\\\/congresso-internazionale-sirts\\\/\",\"name\":\"Congresso Internazionale SIRTS - CPTF\",\"isPartOf\":{\"@id\":\"https:\\\/\\\/www.cptf.it\\\/it\\\/#website\"},\"primaryImageOfPage\":{\"@id\":\"https:\\\/\\\/www.cptf.it\\\/it\\\/congresso-internazionale-sirts\\\/#primaryimage\"},\"image\":{\"@id\":\"https:\\\/\\\/www.cptf.it\\\/it\\\/congresso-internazionale-sirts\\\/#primaryimage\"},\"thumbnailUrl\":\"https:\\\/\\\/www.cptf.it\\\/it\\\/wp-content\\\/uploads\\\/SIRT.png\",\"datePublished\":\"2024-09-20T13:19:48+00:00\",\"author\":{\"@id\":\"https:\\\/\\\/www.cptf.it\\\/it\\\/#\\\/schema\\\/person\\\/ab2e5f535a9345c05d1241047a511cea\"},\"description\":\"SIRTS: Giornata di studio - 9 marzo 2024 \\\"L\u2019USO DELLE IMMAGINI NELLA CLINICA E NELLE RELAZIONI D\u2019AIUTO\\\"\",\"breadcrumb\":{\"@id\":\"https:\\\/\\\/www.cptf.it\\\/it\\\/congresso-internazionale-sirts\\\/#breadcrumb\"},\"inLanguage\":\"it-IT\",\"potentialAction\":[{\"@type\":\"ReadAction\",\"target\":[\"https:\\\/\\\/www.cptf.it\\\/it\\\/congresso-internazionale-sirts\\\/\"]}]},{\"@type\":\"ImageObject\",\"inLanguage\":\"it-IT\",\"@id\":\"https:\\\/\\\/www.cptf.it\\\/it\\\/congresso-internazionale-sirts\\\/#primaryimage\",\"url\":\"https:\\\/\\\/www.cptf.it\\\/it\\\/wp-content\\\/uploads\\\/SIRT.png\",\"contentUrl\":\"https:\\\/\\\/www.cptf.it\\\/it\\\/wp-content\\\/uploads\\\/SIRT.png\",\"width\":611,\"height\":894},{\"@type\":\"BreadcrumbList\",\"@id\":\"https:\\\/\\\/www.cptf.it\\\/it\\\/congresso-internazionale-sirts\\\/#breadcrumb\",\"itemListElement\":[{\"@type\":\"ListItem\",\"position\":1,\"name\":\"Home\",\"item\":\"https:\\\/\\\/www.cptf.it\\\/it\\\/\"},{\"@type\":\"ListItem\",\"position\":2,\"name\":\"Congresso Internazionale SIRTS\"}]},{\"@type\":\"WebSite\",\"@id\":\"https:\\\/\\\/www.cptf.it\\\/it\\\/#website\",\"url\":\"https:\\\/\\\/www.cptf.it\\\/it\\\/\",\"name\":\"CPTF\",\"description\":\"Centro Padovano di Terapia della famiglia\",\"potentialAction\":[{\"@type\":\"SearchAction\",\"target\":{\"@type\":\"EntryPoint\",\"urlTemplate\":\"https:\\\/\\\/www.cptf.it\\\/it\\\/?s={search_term_string}\"},\"query-input\":{\"@type\":\"PropertyValueSpecification\",\"valueRequired\":true,\"valueName\":\"search_term_string\"}}],\"inLanguage\":\"it-IT\"},{\"@type\":\"Person\",\"@id\":\"https:\\\/\\\/www.cptf.it\\\/it\\\/#\\\/schema\\\/person\\\/ab2e5f535a9345c05d1241047a511cea\",\"name\":\"segreteria\",\"image\":{\"@type\":\"ImageObject\",\"inLanguage\":\"it-IT\",\"@id\":\"https:\\\/\\\/secure.gravatar.com\\\/avatar\\\/f198598e8ef622c0b575e2407a7e39db9f0cb55feaa0c13ffa181dff49e8064c?s=96&d=mm&r=g\",\"url\":\"https:\\\/\\\/secure.gravatar.com\\\/avatar\\\/f198598e8ef622c0b575e2407a7e39db9f0cb55feaa0c13ffa181dff49e8064c?s=96&d=mm&r=g\",\"contentUrl\":\"https:\\\/\\\/secure.gravatar.com\\\/avatar\\\/f198598e8ef622c0b575e2407a7e39db9f0cb55feaa0c13ffa181dff49e8064c?s=96&d=mm&r=g\",\"caption\":\"segreteria\"},\"url\":\"https:\\\/\\\/www.cptf.it\\\/it\\\/author\\\/segreteria\\\/\"}]}<\/script>\n<!-- \/ Yoast SEO plugin. -->","yoast_head_json":{"title":"Congresso Internazionale SIRTS - CPTF","description":"SIRTS: Giornata di studio - 9 marzo 2024 \"L\u2019USO DELLE IMMAGINI NELLA CLINICA E NELLE RELAZIONI D\u2019AIUTO\"","robots":{"index":"index","follow":"follow","max-snippet":"max-snippet:-1","max-image-preview":"max-image-preview:large","max-video-preview":"max-video-preview:-1"},"canonical":"https:\/\/www.cptf.it\/it\/congresso-internazionale-sirts\/","og_locale":"it_IT","og_type":"article","og_title":"Congresso Internazionale SIRTS - CPTF","og_description":"SIRTS: Giornata di studio - 9 marzo 2024 \"L\u2019USO DELLE IMMAGINI NELLA CLINICA E NELLE RELAZIONI D\u2019AIUTO\"","og_url":"https:\/\/www.cptf.it\/it\/congresso-internazionale-sirts\/","og_site_name":"CPTF","article_published_time":"2024-09-20T13:19:48+00:00","og_image":[{"width":611,"height":894,"url":"https:\/\/www.cptf.it\/it\/wp-content\/uploads\/SIRT.png","type":"image\/png"}],"author":"segreteria","twitter_card":"summary_large_image","twitter_misc":{"Scritto da":"segreteria","Tempo di lettura stimato":"3 minuti"},"schema":{"@context":"https:\/\/schema.org","@graph":[{"@type":"Article","@id":"https:\/\/www.cptf.it\/it\/congresso-internazionale-sirts\/#article","isPartOf":{"@id":"https:\/\/www.cptf.it\/it\/congresso-internazionale-sirts\/"},"author":{"name":"segreteria","@id":"https:\/\/www.cptf.it\/it\/#\/schema\/person\/ab2e5f535a9345c05d1241047a511cea"},"headline":"Congresso Internazionale SIRTS","datePublished":"2024-09-20T13:19:48+00:00","mainEntityOfPage":{"@id":"https:\/\/www.cptf.it\/it\/congresso-internazionale-sirts\/"},"wordCount":416,"image":{"@id":"https:\/\/www.cptf.it\/it\/congresso-internazionale-sirts\/#primaryimage"},"thumbnailUrl":"https:\/\/www.cptf.it\/it\/wp-content\/uploads\/SIRT.png","articleSection":["eventi intorno a noi"],"inLanguage":"it-IT"},{"@type":"WebPage","@id":"https:\/\/www.cptf.it\/it\/congresso-internazionale-sirts\/","url":"https:\/\/www.cptf.it\/it\/congresso-internazionale-sirts\/","name":"Congresso Internazionale SIRTS - CPTF","isPartOf":{"@id":"https:\/\/www.cptf.it\/it\/#website"},"primaryImageOfPage":{"@id":"https:\/\/www.cptf.it\/it\/congresso-internazionale-sirts\/#primaryimage"},"image":{"@id":"https:\/\/www.cptf.it\/it\/congresso-internazionale-sirts\/#primaryimage"},"thumbnailUrl":"https:\/\/www.cptf.it\/it\/wp-content\/uploads\/SIRT.png","datePublished":"2024-09-20T13:19:48+00:00","author":{"@id":"https:\/\/www.cptf.it\/it\/#\/schema\/person\/ab2e5f535a9345c05d1241047a511cea"},"description":"SIRTS: Giornata di studio - 9 marzo 2024 \"L\u2019USO DELLE IMMAGINI NELLA CLINICA E NELLE RELAZIONI D\u2019AIUTO\"","breadcrumb":{"@id":"https:\/\/www.cptf.it\/it\/congresso-internazionale-sirts\/#breadcrumb"},"inLanguage":"it-IT","potentialAction":[{"@type":"ReadAction","target":["https:\/\/www.cptf.it\/it\/congresso-internazionale-sirts\/"]}]},{"@type":"ImageObject","inLanguage":"it-IT","@id":"https:\/\/www.cptf.it\/it\/congresso-internazionale-sirts\/#primaryimage","url":"https:\/\/www.cptf.it\/it\/wp-content\/uploads\/SIRT.png","contentUrl":"https:\/\/www.cptf.it\/it\/wp-content\/uploads\/SIRT.png","width":611,"height":894},{"@type":"BreadcrumbList","@id":"https:\/\/www.cptf.it\/it\/congresso-internazionale-sirts\/#breadcrumb","itemListElement":[{"@type":"ListItem","position":1,"name":"Home","item":"https:\/\/www.cptf.it\/it\/"},{"@type":"ListItem","position":2,"name":"Congresso Internazionale SIRTS"}]},{"@type":"WebSite","@id":"https:\/\/www.cptf.it\/it\/#website","url":"https:\/\/www.cptf.it\/it\/","name":"CPTF","description":"Centro Padovano di Terapia della famiglia","potentialAction":[{"@type":"SearchAction","target":{"@type":"EntryPoint","urlTemplate":"https:\/\/www.cptf.it\/it\/?s={search_term_string}"},"query-input":{"@type":"PropertyValueSpecification","valueRequired":true,"valueName":"search_term_string"}}],"inLanguage":"it-IT"},{"@type":"Person","@id":"https:\/\/www.cptf.it\/it\/#\/schema\/person\/ab2e5f535a9345c05d1241047a511cea","name":"segreteria","image":{"@type":"ImageObject","inLanguage":"it-IT","@id":"https:\/\/secure.gravatar.com\/avatar\/f198598e8ef622c0b575e2407a7e39db9f0cb55feaa0c13ffa181dff49e8064c?s=96&d=mm&r=g","url":"https:\/\/secure.gravatar.com\/avatar\/f198598e8ef622c0b575e2407a7e39db9f0cb55feaa0c13ffa181dff49e8064c?s=96&d=mm&r=g","contentUrl":"https:\/\/secure.gravatar.com\/avatar\/f198598e8ef622c0b575e2407a7e39db9f0cb55feaa0c13ffa181dff49e8064c?s=96&d=mm&r=g","caption":"segreteria"},"url":"https:\/\/www.cptf.it\/it\/author\/segreteria\/"}]}},"_links":{"self":[{"href":"https:\/\/www.cptf.it\/it\/wp-json\/wp\/v2\/posts\/12308","targetHints":{"allow":["GET"]}}],"collection":[{"href":"https:\/\/www.cptf.it\/it\/wp-json\/wp\/v2\/posts"}],"about":[{"href":"https:\/\/www.cptf.it\/it\/wp-json\/wp\/v2\/types\/post"}],"author":[{"embeddable":true,"href":"https:\/\/www.cptf.it\/it\/wp-json\/wp\/v2\/users\/2"}],"replies":[{"embeddable":true,"href":"https:\/\/www.cptf.it\/it\/wp-json\/wp\/v2\/comments?post=12308"}],"version-history":[{"count":1,"href":"https:\/\/www.cptf.it\/it\/wp-json\/wp\/v2\/posts\/12308\/revisions"}],"predecessor-version":[{"id":12312,"href":"https:\/\/www.cptf.it\/it\/wp-json\/wp\/v2\/posts\/12308\/revisions\/12312"}],"wp:featuredmedia":[{"embeddable":true,"href":"https:\/\/www.cptf.it\/it\/wp-json\/wp\/v2\/media\/12311"}],"wp:attachment":[{"href":"https:\/\/www.cptf.it\/it\/wp-json\/wp\/v2\/media?parent=12308"}],"wp:term":[{"taxonomy":"category","embeddable":true,"href":"https:\/\/www.cptf.it\/it\/wp-json\/wp\/v2\/categories?post=12308"},{"taxonomy":"post_tag","embeddable":true,"href":"https:\/\/www.cptf.it\/it\/wp-json\/wp\/v2\/tags?post=12308"}],"curies":[{"name":"wp","href":"https:\/\/api.w.org\/{rel}","templated":true}]}}