{"id":6376,"date":"2019-04-03T15:05:32","date_gmt":"2019-04-03T13:05:32","guid":{"rendered":"http:\/\/www.cptf.it\/web\/?p=6376"},"modified":"2019-04-03T15:05:32","modified_gmt":"2019-04-03T13:05:32","slug":"milano-la-resilienza-familiare-sabato-4-maggio-2019","status":"publish","type":"post","link":"https:\/\/www.cptf.it\/it\/milano-la-resilienza-familiare-sabato-4-maggio-2019\/","title":{"rendered":"Milano: Froma Walsh: La Resilienza Familiare &#8211; sabato 4 maggio 2019"},"content":{"rendered":"<h2 style=\"text-align: center;\"><span style=\"color: #3366ff;\">Giornata di studio con Froma Walsh\u00a0<\/span><\/h2>\n<h2 style=\"text-align: center;\"><span style=\"color: #3366ff;\">LA RESILIENZA FAMILIARE<\/span><\/h2>\n<p><span style=\"color: #333333;\">Il seminario \u00e8 organizzato dal <strong>Centro Milanese di Terapia della Famiglia<\/strong> per le sedi di Milano, Padova, Torino, Treviso, Trieste e si terr\u00e0 <strong>sabato 4 maggio 2019<\/strong> a Milano presso la Sala Teatro &#8220;Alla Creta&#8221; (via dell&#8217;Allodola, 5 &#8211; Milano).<\/span><\/p>\n<p><em>La resilienza \u2013 la capacit\u00e0 di resistere e di riprendersi da una crisi o da condizioni di difficolt\u00e0 \u2013 \u00e8 un concetto fondamentale per capire perch\u00e9 alcune famiglie sono devastate da eventi traumatici e avversit\u00e0 mentre altre ne escono indenni o addirittura pi\u00f9 forti. Attingendo alla sua vasta esperienza clinica, Froma Walsh pone in evidenza tutti i fattori che promuovono la resilienza e illustra come aiutare le famiglie a superare i momenti difficili.<\/em><\/p>\n<p><a href=\"http:\/\/www.cptf.it\/web\/milano-la-resilienza-familiare-sabato-4-maggio-2019\/froma-walsh\/\" rel=\"attachment wp-att-6377\"><img decoding=\"async\" class=\"alignnone size-thumbnail wp-image-6377\" alt=\"Froma Walsh\" src=\"http:\/\/www.cptf.it\/web\/wp-content\/uploads\/Froma-Walsh-150x150.jpg\" width=\"150\" height=\"150\" \/><\/a><\/p>\n<p>&nbsp;<\/p>\n<p>[wpdm_file id=609]<\/p>\n","protected":false},"excerpt":{"rendered":"<p>Giornata di studio con Froma Walsh\u00a0 LA RESILIENZA FAMILIARE Il seminario \u00e8 organizzato dal Centro Milanese di Terapia della Famiglia per le sedi di Milano, Padova, Torino, Treviso, Trieste e si terr\u00e0 sabato 4 maggio 2019 a Milano presso la Sala Teatro &#8220;Alla Creta&#8221; (via dell&#8217;Allodola, 5 &#8211; Milano). La&#8230;<\/p>\n","protected":false},"author":2,"featured_media":0,"comment_status":"closed","ping_status":"open","sticky":false,"template":"","format":"standard","meta":{"footnotes":""},"categories":[4],"tags":[],"class_list":["post-6376","post","type-post","status-publish","format-standard","hentry","category-news"],"yoast_head":"<!-- This site is optimized with the Yoast SEO plugin v27.3 - https:\/\/yoast.com\/product\/yoast-seo-wordpress\/ -->\n<title>Milano: Froma Walsh: La Resilienza Familiare - sabato 4 maggio 2019 - CPTF<\/title>\n<meta name=\"robots\" content=\"index, follow, max-snippet:-1, max-image-preview:large, max-video-preview:-1\" \/>\n<link rel=\"canonical\" href=\"https:\/\/www.cptf.it\/it\/milano-la-resilienza-familiare-sabato-4-maggio-2019\/\" \/>\n<meta property=\"og:locale\" content=\"it_IT\" \/>\n<meta property=\"og:type\" content=\"article\" \/>\n<meta property=\"og:title\" content=\"Milano: Froma Walsh: La Resilienza Familiare - sabato 4 maggio 2019 - CPTF\" \/>\n<meta property=\"og:description\" content=\"Giornata di studio con Froma Walsh\u00a0 LA RESILIENZA FAMILIARE Il seminario \u00e8 organizzato dal Centro Milanese di Terapia della Famiglia per le sedi di Milano, Padova, Torino, Treviso, Trieste e si terr\u00e0 sabato 4 maggio 2019 a Milano presso la Sala Teatro &#8220;Alla Creta&#8221; (via dell&#8217;Allodola, 5 &#8211; Milano). La...\" \/>\n<meta property=\"og:url\" content=\"https:\/\/www.cptf.it\/it\/milano-la-resilienza-familiare-sabato-4-maggio-2019\/\" \/>\n<meta property=\"og:site_name\" content=\"CPTF\" \/>\n<meta property=\"article:published_time\" content=\"2019-04-03T13:05:32+00:00\" \/>\n<meta property=\"og:image\" content=\"http:\/\/www.cptf.it\/web\/wp-content\/uploads\/Froma-Walsh-150x150.jpg\" \/>\n<meta name=\"author\" content=\"segreteria\" \/>\n<meta name=\"twitter:card\" content=\"summary_large_image\" \/>\n<meta name=\"twitter:label1\" content=\"Scritto da\" \/>\n\t<meta name=\"twitter:data1\" content=\"segreteria\" \/>\n\t<meta name=\"twitter:label2\" content=\"Tempo di lettura stimato\" \/>\n\t<meta name=\"twitter:data2\" content=\"1 minuto\" \/>\n<script type=\"application\/ld+json\" class=\"yoast-schema-graph\">{\"@context\":\"https:\\\/\\\/schema.org\",\"@graph\":[{\"@type\":\"Article\",\"@id\":\"https:\\\/\\\/www.cptf.it\\\/it\\\/milano-la-resilienza-familiare-sabato-4-maggio-2019\\\/#article\",\"isPartOf\":{\"@id\":\"https:\\\/\\\/www.cptf.it\\\/it\\\/milano-la-resilienza-familiare-sabato-4-maggio-2019\\\/\"},\"author\":{\"name\":\"segreteria\",\"@id\":\"https:\\\/\\\/www.cptf.it\\\/it\\\/#\\\/schema\\\/person\\\/ab2e5f535a9345c05d1241047a511cea\"},\"headline\":\"Milano: Froma Walsh: La Resilienza Familiare &#8211; sabato 4 maggio 2019\",\"datePublished\":\"2019-04-03T13:05:32+00:00\",\"mainEntityOfPage\":{\"@id\":\"https:\\\/\\\/www.cptf.it\\\/it\\\/milano-la-resilienza-familiare-sabato-4-maggio-2019\\\/\"},\"wordCount\":129,\"image\":{\"@id\":\"https:\\\/\\\/www.cptf.it\\\/it\\\/milano-la-resilienza-familiare-sabato-4-maggio-2019\\\/#primaryimage\"},\"thumbnailUrl\":\"http:\\\/\\\/www.cptf.it\\\/web\\\/wp-content\\\/uploads\\\/Froma-Walsh-150x150.jpg\",\"articleSection\":[\"News\"],\"inLanguage\":\"it-IT\"},{\"@type\":\"WebPage\",\"@id\":\"https:\\\/\\\/www.cptf.it\\\/it\\\/milano-la-resilienza-familiare-sabato-4-maggio-2019\\\/\",\"url\":\"https:\\\/\\\/www.cptf.it\\\/it\\\/milano-la-resilienza-familiare-sabato-4-maggio-2019\\\/\",\"name\":\"Milano: Froma Walsh: La Resilienza Familiare - sabato 4 maggio 2019 - CPTF\",\"isPartOf\":{\"@id\":\"https:\\\/\\\/www.cptf.it\\\/it\\\/#website\"},\"primaryImageOfPage\":{\"@id\":\"https:\\\/\\\/www.cptf.it\\\/it\\\/milano-la-resilienza-familiare-sabato-4-maggio-2019\\\/#primaryimage\"},\"image\":{\"@id\":\"https:\\\/\\\/www.cptf.it\\\/it\\\/milano-la-resilienza-familiare-sabato-4-maggio-2019\\\/#primaryimage\"},\"thumbnailUrl\":\"http:\\\/\\\/www.cptf.it\\\/web\\\/wp-content\\\/uploads\\\/Froma-Walsh-150x150.jpg\",\"datePublished\":\"2019-04-03T13:05:32+00:00\",\"author\":{\"@id\":\"https:\\\/\\\/www.cptf.it\\\/it\\\/#\\\/schema\\\/person\\\/ab2e5f535a9345c05d1241047a511cea\"},\"breadcrumb\":{\"@id\":\"https:\\\/\\\/www.cptf.it\\\/it\\\/milano-la-resilienza-familiare-sabato-4-maggio-2019\\\/#breadcrumb\"},\"inLanguage\":\"it-IT\",\"potentialAction\":[{\"@type\":\"ReadAction\",\"target\":[\"https:\\\/\\\/www.cptf.it\\\/it\\\/milano-la-resilienza-familiare-sabato-4-maggio-2019\\\/\"]}]},{\"@type\":\"ImageObject\",\"inLanguage\":\"it-IT\",\"@id\":\"https:\\\/\\\/www.cptf.it\\\/it\\\/milano-la-resilienza-familiare-sabato-4-maggio-2019\\\/#primaryimage\",\"url\":\"http:\\\/\\\/www.cptf.it\\\/web\\\/wp-content\\\/uploads\\\/Froma-Walsh-150x150.jpg\",\"contentUrl\":\"http:\\\/\\\/www.cptf.it\\\/web\\\/wp-content\\\/uploads\\\/Froma-Walsh-150x150.jpg\"},{\"@type\":\"BreadcrumbList\",\"@id\":\"https:\\\/\\\/www.cptf.it\\\/it\\\/milano-la-resilienza-familiare-sabato-4-maggio-2019\\\/#breadcrumb\",\"itemListElement\":[{\"@type\":\"ListItem\",\"position\":1,\"name\":\"Home\",\"item\":\"https:\\\/\\\/www.cptf.it\\\/it\\\/\"},{\"@type\":\"ListItem\",\"position\":2,\"name\":\"Milano: Froma Walsh: La Resilienza Familiare &#8211; sabato 4 maggio 2019\"}]},{\"@type\":\"WebSite\",\"@id\":\"https:\\\/\\\/www.cptf.it\\\/it\\\/#website\",\"url\":\"https:\\\/\\\/www.cptf.it\\\/it\\\/\",\"name\":\"CPTF\",\"description\":\"Centro Padovano di Terapia della famiglia\",\"potentialAction\":[{\"@type\":\"SearchAction\",\"target\":{\"@type\":\"EntryPoint\",\"urlTemplate\":\"https:\\\/\\\/www.cptf.it\\\/it\\\/?s={search_term_string}\"},\"query-input\":{\"@type\":\"PropertyValueSpecification\",\"valueRequired\":true,\"valueName\":\"search_term_string\"}}],\"inLanguage\":\"it-IT\"},{\"@type\":\"Person\",\"@id\":\"https:\\\/\\\/www.cptf.it\\\/it\\\/#\\\/schema\\\/person\\\/ab2e5f535a9345c05d1241047a511cea\",\"name\":\"segreteria\",\"image\":{\"@type\":\"ImageObject\",\"inLanguage\":\"it-IT\",\"@id\":\"https:\\\/\\\/secure.gravatar.com\\\/avatar\\\/f198598e8ef622c0b575e2407a7e39db9f0cb55feaa0c13ffa181dff49e8064c?s=96&d=mm&r=g\",\"url\":\"https:\\\/\\\/secure.gravatar.com\\\/avatar\\\/f198598e8ef622c0b575e2407a7e39db9f0cb55feaa0c13ffa181dff49e8064c?s=96&d=mm&r=g\",\"contentUrl\":\"https:\\\/\\\/secure.gravatar.com\\\/avatar\\\/f198598e8ef622c0b575e2407a7e39db9f0cb55feaa0c13ffa181dff49e8064c?s=96&d=mm&r=g\",\"caption\":\"segreteria\"},\"url\":\"https:\\\/\\\/www.cptf.it\\\/it\\\/author\\\/segreteria\\\/\"}]}<\/script>\n<!-- \/ Yoast SEO plugin. -->","yoast_head_json":{"title":"Milano: Froma Walsh: La Resilienza Familiare - sabato 4 maggio 2019 - CPTF","robots":{"index":"index","follow":"follow","max-snippet":"max-snippet:-1","max-image-preview":"max-image-preview:large","max-video-preview":"max-video-preview:-1"},"canonical":"https:\/\/www.cptf.it\/it\/milano-la-resilienza-familiare-sabato-4-maggio-2019\/","og_locale":"it_IT","og_type":"article","og_title":"Milano: Froma Walsh: La Resilienza Familiare - sabato 4 maggio 2019 - CPTF","og_description":"Giornata di studio con Froma Walsh\u00a0 LA RESILIENZA FAMILIARE Il seminario \u00e8 organizzato dal Centro Milanese di Terapia della Famiglia per le sedi di Milano, Padova, Torino, Treviso, Trieste e si terr\u00e0 sabato 4 maggio 2019 a Milano presso la Sala Teatro &#8220;Alla Creta&#8221; (via dell&#8217;Allodola, 5 &#8211; Milano). La...","og_url":"https:\/\/www.cptf.it\/it\/milano-la-resilienza-familiare-sabato-4-maggio-2019\/","og_site_name":"CPTF","article_published_time":"2019-04-03T13:05:32+00:00","og_image":[{"url":"http:\/\/www.cptf.it\/web\/wp-content\/uploads\/Froma-Walsh-150x150.jpg","type":"","width":"","height":""}],"author":"segreteria","twitter_card":"summary_large_image","twitter_misc":{"Scritto da":"segreteria","Tempo di lettura stimato":"1 minuto"},"schema":{"@context":"https:\/\/schema.org","@graph":[{"@type":"Article","@id":"https:\/\/www.cptf.it\/it\/milano-la-resilienza-familiare-sabato-4-maggio-2019\/#article","isPartOf":{"@id":"https:\/\/www.cptf.it\/it\/milano-la-resilienza-familiare-sabato-4-maggio-2019\/"},"author":{"name":"segreteria","@id":"https:\/\/www.cptf.it\/it\/#\/schema\/person\/ab2e5f535a9345c05d1241047a511cea"},"headline":"Milano: Froma Walsh: La Resilienza Familiare &#8211; sabato 4 maggio 2019","datePublished":"2019-04-03T13:05:32+00:00","mainEntityOfPage":{"@id":"https:\/\/www.cptf.it\/it\/milano-la-resilienza-familiare-sabato-4-maggio-2019\/"},"wordCount":129,"image":{"@id":"https:\/\/www.cptf.it\/it\/milano-la-resilienza-familiare-sabato-4-maggio-2019\/#primaryimage"},"thumbnailUrl":"http:\/\/www.cptf.it\/web\/wp-content\/uploads\/Froma-Walsh-150x150.jpg","articleSection":["News"],"inLanguage":"it-IT"},{"@type":"WebPage","@id":"https:\/\/www.cptf.it\/it\/milano-la-resilienza-familiare-sabato-4-maggio-2019\/","url":"https:\/\/www.cptf.it\/it\/milano-la-resilienza-familiare-sabato-4-maggio-2019\/","name":"Milano: Froma Walsh: La Resilienza Familiare - sabato 4 maggio 2019 - CPTF","isPartOf":{"@id":"https:\/\/www.cptf.it\/it\/#website"},"primaryImageOfPage":{"@id":"https:\/\/www.cptf.it\/it\/milano-la-resilienza-familiare-sabato-4-maggio-2019\/#primaryimage"},"image":{"@id":"https:\/\/www.cptf.it\/it\/milano-la-resilienza-familiare-sabato-4-maggio-2019\/#primaryimage"},"thumbnailUrl":"http:\/\/www.cptf.it\/web\/wp-content\/uploads\/Froma-Walsh-150x150.jpg","datePublished":"2019-04-03T13:05:32+00:00","author":{"@id":"https:\/\/www.cptf.it\/it\/#\/schema\/person\/ab2e5f535a9345c05d1241047a511cea"},"breadcrumb":{"@id":"https:\/\/www.cptf.it\/it\/milano-la-resilienza-familiare-sabato-4-maggio-2019\/#breadcrumb"},"inLanguage":"it-IT","potentialAction":[{"@type":"ReadAction","target":["https:\/\/www.cptf.it\/it\/milano-la-resilienza-familiare-sabato-4-maggio-2019\/"]}]},{"@type":"ImageObject","inLanguage":"it-IT","@id":"https:\/\/www.cptf.it\/it\/milano-la-resilienza-familiare-sabato-4-maggio-2019\/#primaryimage","url":"http:\/\/www.cptf.it\/web\/wp-content\/uploads\/Froma-Walsh-150x150.jpg","contentUrl":"http:\/\/www.cptf.it\/web\/wp-content\/uploads\/Froma-Walsh-150x150.jpg"},{"@type":"BreadcrumbList","@id":"https:\/\/www.cptf.it\/it\/milano-la-resilienza-familiare-sabato-4-maggio-2019\/#breadcrumb","itemListElement":[{"@type":"ListItem","position":1,"name":"Home","item":"https:\/\/www.cptf.it\/it\/"},{"@type":"ListItem","position":2,"name":"Milano: Froma Walsh: La Resilienza Familiare &#8211; sabato 4 maggio 2019"}]},{"@type":"WebSite","@id":"https:\/\/www.cptf.it\/it\/#website","url":"https:\/\/www.cptf.it\/it\/","name":"CPTF","description":"Centro Padovano di Terapia della famiglia","potentialAction":[{"@type":"SearchAction","target":{"@type":"EntryPoint","urlTemplate":"https:\/\/www.cptf.it\/it\/?s={search_term_string}"},"query-input":{"@type":"PropertyValueSpecification","valueRequired":true,"valueName":"search_term_string"}}],"inLanguage":"it-IT"},{"@type":"Person","@id":"https:\/\/www.cptf.it\/it\/#\/schema\/person\/ab2e5f535a9345c05d1241047a511cea","name":"segreteria","image":{"@type":"ImageObject","inLanguage":"it-IT","@id":"https:\/\/secure.gravatar.com\/avatar\/f198598e8ef622c0b575e2407a7e39db9f0cb55feaa0c13ffa181dff49e8064c?s=96&d=mm&r=g","url":"https:\/\/secure.gravatar.com\/avatar\/f198598e8ef622c0b575e2407a7e39db9f0cb55feaa0c13ffa181dff49e8064c?s=96&d=mm&r=g","contentUrl":"https:\/\/secure.gravatar.com\/avatar\/f198598e8ef622c0b575e2407a7e39db9f0cb55feaa0c13ffa181dff49e8064c?s=96&d=mm&r=g","caption":"segreteria"},"url":"https:\/\/www.cptf.it\/it\/author\/segreteria\/"}]}},"_links":{"self":[{"href":"https:\/\/www.cptf.it\/it\/wp-json\/wp\/v2\/posts\/6376","targetHints":{"allow":["GET"]}}],"collection":[{"href":"https:\/\/www.cptf.it\/it\/wp-json\/wp\/v2\/posts"}],"about":[{"href":"https:\/\/www.cptf.it\/it\/wp-json\/wp\/v2\/types\/post"}],"author":[{"embeddable":true,"href":"https:\/\/www.cptf.it\/it\/wp-json\/wp\/v2\/users\/2"}],"replies":[{"embeddable":true,"href":"https:\/\/www.cptf.it\/it\/wp-json\/wp\/v2\/comments?post=6376"}],"version-history":[{"count":0,"href":"https:\/\/www.cptf.it\/it\/wp-json\/wp\/v2\/posts\/6376\/revisions"}],"wp:attachment":[{"href":"https:\/\/www.cptf.it\/it\/wp-json\/wp\/v2\/media?parent=6376"}],"wp:term":[{"taxonomy":"category","embeddable":true,"href":"https:\/\/www.cptf.it\/it\/wp-json\/wp\/v2\/categories?post=6376"},{"taxonomy":"post_tag","embeddable":true,"href":"https:\/\/www.cptf.it\/it\/wp-json\/wp\/v2\/tags?post=6376"}],"curies":[{"name":"wp","href":"https:\/\/api.w.org\/{rel}","templated":true}]}}