{"id":6473,"date":"2019-05-22T15:42:23","date_gmt":"2019-05-22T14:42:23","guid":{"rendered":"http:\/\/www.cptf.it\/web\/?p=6473"},"modified":"2019-06-12T21:42:54","modified_gmt":"2019-06-12T20:42:54","slug":"convegno-maternita-tra-desiderio-e-bisogno-14-giugno-2019","status":"publish","type":"post","link":"https:\/\/www.cptf.it\/it\/convegno-maternita-tra-desiderio-e-bisogno-14-giugno-2019\/","title":{"rendered":"CONVEGNO: MATERNITA&#8217; TRA DESIDERIO E BISOGNO &#8211; 14 giugno 2019"},"content":{"rendered":"<h3><span style=\"color: #ff6600;\"><strong>CONVEGNO: MATERNITA&#8217; TRA DESIDERIO E BISOGNO<\/strong><\/span><\/h3>\n<p>Il Convegno \u00e8 organizzato dall&#8217;Ordine degli Psicologi del Veneto e si terr\u00e0 <strong>venerd\u00ec 14 giugno p.v.<\/strong> a Mogliano Veneto (TV)<br \/>\nL&#8217;iscrizione pu\u00f2 avvenire tramite una delle seguenti modalit\u00e0:<br \/>\n&#8211; compilando il format di adesione via WEB che troverai al seguente\u00a0link:\u00a0<span style=\"color: #3366ff;\"><a href=\"http:\/\/bit.ly\/maternita-1406\"><span style=\"color: #3366ff;\">http:\/\/bit.ly\/maternita-1406<\/span><\/a><\/span>;<br \/>\n&#8211; compilando la scheda di partecipazione che troverai al seguente link:\u00a0<span style=\"color: #3366ff;\"><a href=\"http:\/\/bit.ly\/scheda-maternita\"><span style=\"color: #3366ff;\">http:\/\/bit.ly\/scheda-maternita<\/span><\/a><\/span>\u00a0e inviandola alla Segreteria organizzativa via mail all\u2019indirizzo\u00a0<span style=\"color: #3366ff;\"><a href=\"mailto:info@formaonweb.com\" target=\"_blank\" rel=\"noopener noreferrer\"><span style=\"color: #3366ff;\">info@formaonweb.com<\/span><\/a><\/span>.<\/p>\n<p>[wpdm_file id=624]<\/p>\n","protected":false},"excerpt":{"rendered":"<p>CONVEGNO: MATERNITA&#8217; TRA DESIDERIO E BISOGNO Il Convegno \u00e8 organizzato dall&#8217;Ordine degli Psicologi del Veneto e si terr\u00e0 venerd\u00ec 14 giugno p.v. a Mogliano Veneto (TV) L&#8217;iscrizione pu\u00f2 avvenire tramite una delle seguenti modalit\u00e0: &#8211; compilando il format di adesione via WEB che troverai al seguente\u00a0link:\u00a0http:\/\/bit.ly\/maternita-1406; &#8211; compilando la scheda&#8230;<\/p>\n","protected":false},"author":2,"featured_media":6838,"comment_status":"closed","ping_status":"open","sticky":false,"template":"","format":"standard","meta":{"footnotes":""},"categories":[5,10],"tags":[],"class_list":["post-6473","post","type-post","status-publish","format-standard","has-post-thumbnail","hentry","category-eventi-intorno-a-noi","category-in-evidenza"],"yoast_head":"<!-- This site is optimized with the Yoast SEO plugin v27.3 - https:\/\/yoast.com\/product\/yoast-seo-wordpress\/ -->\n<title>CONVEGNO: MATERNITA&#039; TRA DESIDERIO E BISOGNO - 14 giugno 2019 - CPTF<\/title>\n<meta name=\"robots\" content=\"index, follow, max-snippet:-1, max-image-preview:large, max-video-preview:-1\" \/>\n<link rel=\"canonical\" href=\"https:\/\/www.cptf.it\/it\/convegno-maternita-tra-desiderio-e-bisogno-14-giugno-2019\/\" \/>\n<meta property=\"og:locale\" content=\"it_IT\" \/>\n<meta property=\"og:type\" content=\"article\" \/>\n<meta property=\"og:title\" content=\"CONVEGNO: MATERNITA&#039; TRA DESIDERIO E BISOGNO - 14 giugno 2019 - CPTF\" \/>\n<meta property=\"og:description\" content=\"CONVEGNO: MATERNITA&#8217; TRA DESIDERIO E BISOGNO Il Convegno \u00e8 organizzato dall&#8217;Ordine degli Psicologi del Veneto e si terr\u00e0 venerd\u00ec 14 giugno p.v. a Mogliano Veneto (TV) L&#8217;iscrizione pu\u00f2 avvenire tramite una delle seguenti modalit\u00e0: &#8211; compilando il format di adesione via WEB che troverai al seguente\u00a0link:\u00a0http:\/\/bit.ly\/maternita-1406; &#8211; compilando la scheda...\" \/>\n<meta property=\"og:url\" content=\"https:\/\/www.cptf.it\/it\/convegno-maternita-tra-desiderio-e-bisogno-14-giugno-2019\/\" \/>\n<meta property=\"og:site_name\" content=\"CPTF\" \/>\n<meta property=\"article:published_time\" content=\"2019-05-22T14:42:23+00:00\" \/>\n<meta property=\"article:modified_time\" content=\"2019-06-12T20:42:54+00:00\" \/>\n<meta property=\"og:image\" content=\"https:\/\/www.cptf.it\/it\/wp-content\/uploads\/eventi-intorno-convegno-maternita1.jpg\" \/>\n\t<meta property=\"og:image:width\" content=\"980\" \/>\n\t<meta property=\"og:image:height\" content=\"600\" \/>\n\t<meta property=\"og:image:type\" content=\"image\/jpeg\" \/>\n<meta name=\"author\" content=\"segreteria\" \/>\n<meta name=\"twitter:card\" content=\"summary_large_image\" \/>\n<meta name=\"twitter:label1\" content=\"Scritto da\" \/>\n\t<meta name=\"twitter:data1\" content=\"segreteria\" \/>\n<script type=\"application\/ld+json\" class=\"yoast-schema-graph\">{\"@context\":\"https:\\\/\\\/schema.org\",\"@graph\":[{\"@type\":\"Article\",\"@id\":\"https:\\\/\\\/www.cptf.it\\\/it\\\/convegno-maternita-tra-desiderio-e-bisogno-14-giugno-2019\\\/#article\",\"isPartOf\":{\"@id\":\"https:\\\/\\\/www.cptf.it\\\/it\\\/convegno-maternita-tra-desiderio-e-bisogno-14-giugno-2019\\\/\"},\"author\":{\"name\":\"segreteria\",\"@id\":\"https:\\\/\\\/www.cptf.it\\\/it\\\/#\\\/schema\\\/person\\\/ab2e5f535a9345c05d1241047a511cea\"},\"headline\":\"CONVEGNO: MATERNITA&#8217; TRA DESIDERIO E BISOGNO &#8211; 14 giugno 2019\",\"datePublished\":\"2019-05-22T14:42:23+00:00\",\"dateModified\":\"2019-06-12T20:42:54+00:00\",\"mainEntityOfPage\":{\"@id\":\"https:\\\/\\\/www.cptf.it\\\/it\\\/convegno-maternita-tra-desiderio-e-bisogno-14-giugno-2019\\\/\"},\"wordCount\":90,\"image\":{\"@id\":\"https:\\\/\\\/www.cptf.it\\\/it\\\/convegno-maternita-tra-desiderio-e-bisogno-14-giugno-2019\\\/#primaryimage\"},\"thumbnailUrl\":\"https:\\\/\\\/www.cptf.it\\\/it\\\/wp-content\\\/uploads\\\/eventi-intorno-convegno-maternita1.jpg\",\"articleSection\":[\"eventi intorno a noi\",\"In Evidenza\"],\"inLanguage\":\"it-IT\"},{\"@type\":\"WebPage\",\"@id\":\"https:\\\/\\\/www.cptf.it\\\/it\\\/convegno-maternita-tra-desiderio-e-bisogno-14-giugno-2019\\\/\",\"url\":\"https:\\\/\\\/www.cptf.it\\\/it\\\/convegno-maternita-tra-desiderio-e-bisogno-14-giugno-2019\\\/\",\"name\":\"CONVEGNO: MATERNITA' TRA DESIDERIO E BISOGNO - 14 giugno 2019 - CPTF\",\"isPartOf\":{\"@id\":\"https:\\\/\\\/www.cptf.it\\\/it\\\/#website\"},\"primaryImageOfPage\":{\"@id\":\"https:\\\/\\\/www.cptf.it\\\/it\\\/convegno-maternita-tra-desiderio-e-bisogno-14-giugno-2019\\\/#primaryimage\"},\"image\":{\"@id\":\"https:\\\/\\\/www.cptf.it\\\/it\\\/convegno-maternita-tra-desiderio-e-bisogno-14-giugno-2019\\\/#primaryimage\"},\"thumbnailUrl\":\"https:\\\/\\\/www.cptf.it\\\/it\\\/wp-content\\\/uploads\\\/eventi-intorno-convegno-maternita1.jpg\",\"datePublished\":\"2019-05-22T14:42:23+00:00\",\"dateModified\":\"2019-06-12T20:42:54+00:00\",\"author\":{\"@id\":\"https:\\\/\\\/www.cptf.it\\\/it\\\/#\\\/schema\\\/person\\\/ab2e5f535a9345c05d1241047a511cea\"},\"breadcrumb\":{\"@id\":\"https:\\\/\\\/www.cptf.it\\\/it\\\/convegno-maternita-tra-desiderio-e-bisogno-14-giugno-2019\\\/#breadcrumb\"},\"inLanguage\":\"it-IT\",\"potentialAction\":[{\"@type\":\"ReadAction\",\"target\":[\"https:\\\/\\\/www.cptf.it\\\/it\\\/convegno-maternita-tra-desiderio-e-bisogno-14-giugno-2019\\\/\"]}]},{\"@type\":\"ImageObject\",\"inLanguage\":\"it-IT\",\"@id\":\"https:\\\/\\\/www.cptf.it\\\/it\\\/convegno-maternita-tra-desiderio-e-bisogno-14-giugno-2019\\\/#primaryimage\",\"url\":\"https:\\\/\\\/www.cptf.it\\\/it\\\/wp-content\\\/uploads\\\/eventi-intorno-convegno-maternita1.jpg\",\"contentUrl\":\"https:\\\/\\\/www.cptf.it\\\/it\\\/wp-content\\\/uploads\\\/eventi-intorno-convegno-maternita1.jpg\",\"width\":980,\"height\":600},{\"@type\":\"BreadcrumbList\",\"@id\":\"https:\\\/\\\/www.cptf.it\\\/it\\\/convegno-maternita-tra-desiderio-e-bisogno-14-giugno-2019\\\/#breadcrumb\",\"itemListElement\":[{\"@type\":\"ListItem\",\"position\":1,\"name\":\"Home\",\"item\":\"https:\\\/\\\/www.cptf.it\\\/it\\\/\"},{\"@type\":\"ListItem\",\"position\":2,\"name\":\"CONVEGNO: MATERNITA&#8217; TRA DESIDERIO E BISOGNO &#8211; 14 giugno 2019\"}]},{\"@type\":\"WebSite\",\"@id\":\"https:\\\/\\\/www.cptf.it\\\/it\\\/#website\",\"url\":\"https:\\\/\\\/www.cptf.it\\\/it\\\/\",\"name\":\"CPTF\",\"description\":\"Centro Padovano di Terapia della famiglia\",\"potentialAction\":[{\"@type\":\"SearchAction\",\"target\":{\"@type\":\"EntryPoint\",\"urlTemplate\":\"https:\\\/\\\/www.cptf.it\\\/it\\\/?s={search_term_string}\"},\"query-input\":{\"@type\":\"PropertyValueSpecification\",\"valueRequired\":true,\"valueName\":\"search_term_string\"}}],\"inLanguage\":\"it-IT\"},{\"@type\":\"Person\",\"@id\":\"https:\\\/\\\/www.cptf.it\\\/it\\\/#\\\/schema\\\/person\\\/ab2e5f535a9345c05d1241047a511cea\",\"name\":\"segreteria\",\"image\":{\"@type\":\"ImageObject\",\"inLanguage\":\"it-IT\",\"@id\":\"https:\\\/\\\/secure.gravatar.com\\\/avatar\\\/f198598e8ef622c0b575e2407a7e39db9f0cb55feaa0c13ffa181dff49e8064c?s=96&d=mm&r=g\",\"url\":\"https:\\\/\\\/secure.gravatar.com\\\/avatar\\\/f198598e8ef622c0b575e2407a7e39db9f0cb55feaa0c13ffa181dff49e8064c?s=96&d=mm&r=g\",\"contentUrl\":\"https:\\\/\\\/secure.gravatar.com\\\/avatar\\\/f198598e8ef622c0b575e2407a7e39db9f0cb55feaa0c13ffa181dff49e8064c?s=96&d=mm&r=g\",\"caption\":\"segreteria\"},\"url\":\"https:\\\/\\\/www.cptf.it\\\/it\\\/author\\\/segreteria\\\/\"}]}<\/script>\n<!-- \/ Yoast SEO plugin. -->","yoast_head_json":{"title":"CONVEGNO: MATERNITA' TRA DESIDERIO E BISOGNO - 14 giugno 2019 - CPTF","robots":{"index":"index","follow":"follow","max-snippet":"max-snippet:-1","max-image-preview":"max-image-preview:large","max-video-preview":"max-video-preview:-1"},"canonical":"https:\/\/www.cptf.it\/it\/convegno-maternita-tra-desiderio-e-bisogno-14-giugno-2019\/","og_locale":"it_IT","og_type":"article","og_title":"CONVEGNO: MATERNITA' TRA DESIDERIO E BISOGNO - 14 giugno 2019 - CPTF","og_description":"CONVEGNO: MATERNITA&#8217; TRA DESIDERIO E BISOGNO Il Convegno \u00e8 organizzato dall&#8217;Ordine degli Psicologi del Veneto e si terr\u00e0 venerd\u00ec 14 giugno p.v. a Mogliano Veneto (TV) L&#8217;iscrizione pu\u00f2 avvenire tramite una delle seguenti modalit\u00e0: &#8211; compilando il format di adesione via WEB che troverai al seguente\u00a0link:\u00a0http:\/\/bit.ly\/maternita-1406; &#8211; compilando la scheda...","og_url":"https:\/\/www.cptf.it\/it\/convegno-maternita-tra-desiderio-e-bisogno-14-giugno-2019\/","og_site_name":"CPTF","article_published_time":"2019-05-22T14:42:23+00:00","article_modified_time":"2019-06-12T20:42:54+00:00","og_image":[{"width":980,"height":600,"url":"https:\/\/www.cptf.it\/it\/wp-content\/uploads\/eventi-intorno-convegno-maternita1.jpg","type":"image\/jpeg"}],"author":"segreteria","twitter_card":"summary_large_image","twitter_misc":{"Scritto da":"segreteria"},"schema":{"@context":"https:\/\/schema.org","@graph":[{"@type":"Article","@id":"https:\/\/www.cptf.it\/it\/convegno-maternita-tra-desiderio-e-bisogno-14-giugno-2019\/#article","isPartOf":{"@id":"https:\/\/www.cptf.it\/it\/convegno-maternita-tra-desiderio-e-bisogno-14-giugno-2019\/"},"author":{"name":"segreteria","@id":"https:\/\/www.cptf.it\/it\/#\/schema\/person\/ab2e5f535a9345c05d1241047a511cea"},"headline":"CONVEGNO: MATERNITA&#8217; TRA DESIDERIO E BISOGNO &#8211; 14 giugno 2019","datePublished":"2019-05-22T14:42:23+00:00","dateModified":"2019-06-12T20:42:54+00:00","mainEntityOfPage":{"@id":"https:\/\/www.cptf.it\/it\/convegno-maternita-tra-desiderio-e-bisogno-14-giugno-2019\/"},"wordCount":90,"image":{"@id":"https:\/\/www.cptf.it\/it\/convegno-maternita-tra-desiderio-e-bisogno-14-giugno-2019\/#primaryimage"},"thumbnailUrl":"https:\/\/www.cptf.it\/it\/wp-content\/uploads\/eventi-intorno-convegno-maternita1.jpg","articleSection":["eventi intorno a noi","In Evidenza"],"inLanguage":"it-IT"},{"@type":"WebPage","@id":"https:\/\/www.cptf.it\/it\/convegno-maternita-tra-desiderio-e-bisogno-14-giugno-2019\/","url":"https:\/\/www.cptf.it\/it\/convegno-maternita-tra-desiderio-e-bisogno-14-giugno-2019\/","name":"CONVEGNO: MATERNITA' TRA DESIDERIO E BISOGNO - 14 giugno 2019 - CPTF","isPartOf":{"@id":"https:\/\/www.cptf.it\/it\/#website"},"primaryImageOfPage":{"@id":"https:\/\/www.cptf.it\/it\/convegno-maternita-tra-desiderio-e-bisogno-14-giugno-2019\/#primaryimage"},"image":{"@id":"https:\/\/www.cptf.it\/it\/convegno-maternita-tra-desiderio-e-bisogno-14-giugno-2019\/#primaryimage"},"thumbnailUrl":"https:\/\/www.cptf.it\/it\/wp-content\/uploads\/eventi-intorno-convegno-maternita1.jpg","datePublished":"2019-05-22T14:42:23+00:00","dateModified":"2019-06-12T20:42:54+00:00","author":{"@id":"https:\/\/www.cptf.it\/it\/#\/schema\/person\/ab2e5f535a9345c05d1241047a511cea"},"breadcrumb":{"@id":"https:\/\/www.cptf.it\/it\/convegno-maternita-tra-desiderio-e-bisogno-14-giugno-2019\/#breadcrumb"},"inLanguage":"it-IT","potentialAction":[{"@type":"ReadAction","target":["https:\/\/www.cptf.it\/it\/convegno-maternita-tra-desiderio-e-bisogno-14-giugno-2019\/"]}]},{"@type":"ImageObject","inLanguage":"it-IT","@id":"https:\/\/www.cptf.it\/it\/convegno-maternita-tra-desiderio-e-bisogno-14-giugno-2019\/#primaryimage","url":"https:\/\/www.cptf.it\/it\/wp-content\/uploads\/eventi-intorno-convegno-maternita1.jpg","contentUrl":"https:\/\/www.cptf.it\/it\/wp-content\/uploads\/eventi-intorno-convegno-maternita1.jpg","width":980,"height":600},{"@type":"BreadcrumbList","@id":"https:\/\/www.cptf.it\/it\/convegno-maternita-tra-desiderio-e-bisogno-14-giugno-2019\/#breadcrumb","itemListElement":[{"@type":"ListItem","position":1,"name":"Home","item":"https:\/\/www.cptf.it\/it\/"},{"@type":"ListItem","position":2,"name":"CONVEGNO: MATERNITA&#8217; TRA DESIDERIO E BISOGNO &#8211; 14 giugno 2019"}]},{"@type":"WebSite","@id":"https:\/\/www.cptf.it\/it\/#website","url":"https:\/\/www.cptf.it\/it\/","name":"CPTF","description":"Centro Padovano di Terapia della famiglia","potentialAction":[{"@type":"SearchAction","target":{"@type":"EntryPoint","urlTemplate":"https:\/\/www.cptf.it\/it\/?s={search_term_string}"},"query-input":{"@type":"PropertyValueSpecification","valueRequired":true,"valueName":"search_term_string"}}],"inLanguage":"it-IT"},{"@type":"Person","@id":"https:\/\/www.cptf.it\/it\/#\/schema\/person\/ab2e5f535a9345c05d1241047a511cea","name":"segreteria","image":{"@type":"ImageObject","inLanguage":"it-IT","@id":"https:\/\/secure.gravatar.com\/avatar\/f198598e8ef622c0b575e2407a7e39db9f0cb55feaa0c13ffa181dff49e8064c?s=96&d=mm&r=g","url":"https:\/\/secure.gravatar.com\/avatar\/f198598e8ef622c0b575e2407a7e39db9f0cb55feaa0c13ffa181dff49e8064c?s=96&d=mm&r=g","contentUrl":"https:\/\/secure.gravatar.com\/avatar\/f198598e8ef622c0b575e2407a7e39db9f0cb55feaa0c13ffa181dff49e8064c?s=96&d=mm&r=g","caption":"segreteria"},"url":"https:\/\/www.cptf.it\/it\/author\/segreteria\/"}]}},"_links":{"self":[{"href":"https:\/\/www.cptf.it\/it\/wp-json\/wp\/v2\/posts\/6473","targetHints":{"allow":["GET"]}}],"collection":[{"href":"https:\/\/www.cptf.it\/it\/wp-json\/wp\/v2\/posts"}],"about":[{"href":"https:\/\/www.cptf.it\/it\/wp-json\/wp\/v2\/types\/post"}],"author":[{"embeddable":true,"href":"https:\/\/www.cptf.it\/it\/wp-json\/wp\/v2\/users\/2"}],"replies":[{"embeddable":true,"href":"https:\/\/www.cptf.it\/it\/wp-json\/wp\/v2\/comments?post=6473"}],"version-history":[{"count":3,"href":"https:\/\/www.cptf.it\/it\/wp-json\/wp\/v2\/posts\/6473\/revisions"}],"predecessor-version":[{"id":6839,"href":"https:\/\/www.cptf.it\/it\/wp-json\/wp\/v2\/posts\/6473\/revisions\/6839"}],"wp:featuredmedia":[{"embeddable":true,"href":"https:\/\/www.cptf.it\/it\/wp-json\/wp\/v2\/media\/6838"}],"wp:attachment":[{"href":"https:\/\/www.cptf.it\/it\/wp-json\/wp\/v2\/media?parent=6473"}],"wp:term":[{"taxonomy":"category","embeddable":true,"href":"https:\/\/www.cptf.it\/it\/wp-json\/wp\/v2\/categories?post=6473"},{"taxonomy":"post_tag","embeddable":true,"href":"https:\/\/www.cptf.it\/it\/wp-json\/wp\/v2\/tags?post=6473"}],"curies":[{"name":"wp","href":"https:\/\/api.w.org\/{rel}","templated":true}]}}