{"id":8057,"date":"2020-01-22T16:18:58","date_gmt":"2020-01-22T15:18:58","guid":{"rendered":"http:\/\/www.cptf.it\/web\/?p=6740"},"modified":"2020-02-18T18:59:52","modified_gmt":"2020-02-18T17:59:52","slug":"padova-corso-di-formazione-teorico-pratico-sui-dca-marzo-2020","status":"publish","type":"post","link":"https:\/\/www.cptf.it\/it\/padova-corso-di-formazione-teorico-pratico-sui-dca-marzo-2020\/","title":{"rendered":"Padova: Corso di Formazione Teorico Pratico sui Disturbi dell&#8217;Alimentazione (DCA) &#8211; 20,21 marzo 2020"},"content":{"rendered":"<h2 style=\"text-align: center;\"><span style=\"color: #3366ff;\">CORSO DI FORMAZIONE TEORICO PRATICO<\/span><br \/>\n<span style=\"color: #3366ff;\">SUI DISTURBI DELL&#8217;ALIMENTAZIONE (DCA)<\/span><\/h2>\n<p style=\"text-align: center;\"><a href=\"http:\/\/www.cptf.it\/web\/padova-corso-di-formazione-teorico-pratico-sui-dca-marzo-2020\/food-disorders\/\" rel=\"attachment wp-att-6741\"><img decoding=\"async\" class=\"alignnone size-thumbnail wp-image-6741\" alt=\"food-disorders\" src=\"http:\/\/www.cptf.it\/web\/wp-content\/uploads\/food-disorders-150x150.png\" width=\"150\" height=\"150\" \/><\/a><\/p>\n<p style=\"text-align: center;\"><span style=\"color: #993300;\"><em>Disturbi Alimentari &#8230; Obesit\u00e0 &#8230; come vanno considerati? Come vanno trattati? Quali sono gli approcci terapeutici pi\u00f9 efficaci?<\/em><\/span><\/p>\n<p style=\"text-align: left;\">Il Corso di propone di dare delle risposte alle domande pi\u00f9 frequenti degli operatori che si approcciano a lavorare con i disturbi del comportamento alimentare.<br \/>\nLe giornate formative si terranno presso la<strong> sede di Padova del CPTF<\/strong> (<em>via Martiri della Libert\u00e0, 1<\/em>)<\/p>\n<p style=\"text-align: left;\"><span style=\"color: #993300;\"><strong>&gt;<\/strong><\/span> <span style=\"color: #3366ff;\"><strong>VENERDI&#8217; 20 MARZO 2020<\/strong><\/span> dalle ore 10,00 alle ore 18,00<\/p>\n<p style=\"text-align: left;\"><strong><span style=\"color: #993300;\">&gt;<\/span> <span style=\"color: #3366ff;\">SABATO 21 MARZO 2020<\/span><\/strong> dalle ore 9,30 alle ore 14,30<\/p>\n<p style=\"text-align: left;\">[wpdm_file id=686]\u00a0[wpdm_file id=691]<\/p>\n","protected":false},"excerpt":{"rendered":"<p>CORSO DI FORMAZIONE TEORICO PRATICO SUI DISTURBI DELL&#8217;ALIMENTAZIONE (DCA) Disturbi Alimentari &#8230; Obesit\u00e0 &#8230; come vanno considerati? Come vanno trattati? Quali sono gli approcci terapeutici pi\u00f9 efficaci? Il Corso di propone di dare delle risposte alle domande pi\u00f9 frequenti degli operatori che si approcciano a lavorare con i disturbi del&#8230;<\/p>\n","protected":false},"author":2,"featured_media":0,"comment_status":"closed","ping_status":"open","sticky":false,"template":"","format":"standard","meta":{"footnotes":""},"categories":[10,4],"tags":[],"class_list":["post-8057","post","type-post","status-publish","format-standard","hentry","category-in-evidenza","category-news"],"yoast_head":"<!-- This site is optimized with the Yoast SEO plugin v27.3 - https:\/\/yoast.com\/product\/yoast-seo-wordpress\/ -->\n<title>Padova: Corso di Formazione Teorico Pratico sui Disturbi dell&#039;Alimentazione (DCA) - 20,21 marzo 2020 - CPTF<\/title>\n<meta name=\"robots\" content=\"index, follow, max-snippet:-1, max-image-preview:large, max-video-preview:-1\" \/>\n<link rel=\"canonical\" href=\"https:\/\/www.cptf.it\/it\/padova-corso-di-formazione-teorico-pratico-sui-dca-marzo-2020\/\" \/>\n<meta property=\"og:locale\" content=\"it_IT\" \/>\n<meta property=\"og:type\" content=\"article\" \/>\n<meta property=\"og:title\" content=\"Padova: Corso di Formazione Teorico Pratico sui Disturbi dell&#039;Alimentazione (DCA) - 20,21 marzo 2020 - CPTF\" \/>\n<meta property=\"og:description\" content=\"CORSO DI FORMAZIONE TEORICO PRATICO SUI DISTURBI DELL&#8217;ALIMENTAZIONE (DCA) Disturbi Alimentari &#8230; Obesit\u00e0 &#8230; come vanno considerati? Come vanno trattati? Quali sono gli approcci terapeutici pi\u00f9 efficaci? Il Corso di propone di dare delle risposte alle domande pi\u00f9 frequenti degli operatori che si approcciano a lavorare con i disturbi del...\" \/>\n<meta property=\"og:url\" content=\"https:\/\/www.cptf.it\/it\/padova-corso-di-formazione-teorico-pratico-sui-dca-marzo-2020\/\" \/>\n<meta property=\"og:site_name\" content=\"CPTF\" \/>\n<meta property=\"article:published_time\" content=\"2020-01-22T15:18:58+00:00\" \/>\n<meta property=\"article:modified_time\" content=\"2020-02-18T17:59:52+00:00\" \/>\n<meta property=\"og:image\" content=\"http:\/\/www.cptf.it\/web\/wp-content\/uploads\/food-disorders-150x150.png\" \/>\n<meta name=\"author\" content=\"segreteria\" \/>\n<meta name=\"twitter:card\" content=\"summary_large_image\" \/>\n<meta name=\"twitter:label1\" content=\"Scritto da\" \/>\n\t<meta name=\"twitter:data1\" content=\"segreteria\" \/>\n<script type=\"application\/ld+json\" class=\"yoast-schema-graph\">{\"@context\":\"https:\\\/\\\/schema.org\",\"@graph\":[{\"@type\":\"Article\",\"@id\":\"https:\\\/\\\/www.cptf.it\\\/it\\\/padova-corso-di-formazione-teorico-pratico-sui-dca-marzo-2020\\\/#article\",\"isPartOf\":{\"@id\":\"https:\\\/\\\/www.cptf.it\\\/it\\\/padova-corso-di-formazione-teorico-pratico-sui-dca-marzo-2020\\\/\"},\"author\":{\"name\":\"segreteria\",\"@id\":\"https:\\\/\\\/www.cptf.it\\\/it\\\/#\\\/schema\\\/person\\\/ab2e5f535a9345c05d1241047a511cea\"},\"headline\":\"Padova: Corso di Formazione Teorico Pratico sui Disturbi dell&#8217;Alimentazione (DCA) &#8211; 20,21 marzo 2020\",\"datePublished\":\"2020-01-22T15:18:58+00:00\",\"dateModified\":\"2020-02-18T17:59:52+00:00\",\"mainEntityOfPage\":{\"@id\":\"https:\\\/\\\/www.cptf.it\\\/it\\\/padova-corso-di-formazione-teorico-pratico-sui-dca-marzo-2020\\\/\"},\"wordCount\":100,\"image\":{\"@id\":\"https:\\\/\\\/www.cptf.it\\\/it\\\/padova-corso-di-formazione-teorico-pratico-sui-dca-marzo-2020\\\/#primaryimage\"},\"thumbnailUrl\":\"http:\\\/\\\/www.cptf.it\\\/web\\\/wp-content\\\/uploads\\\/food-disorders-150x150.png\",\"articleSection\":[\"In Evidenza\",\"News\"],\"inLanguage\":\"it-IT\"},{\"@type\":\"WebPage\",\"@id\":\"https:\\\/\\\/www.cptf.it\\\/it\\\/padova-corso-di-formazione-teorico-pratico-sui-dca-marzo-2020\\\/\",\"url\":\"https:\\\/\\\/www.cptf.it\\\/it\\\/padova-corso-di-formazione-teorico-pratico-sui-dca-marzo-2020\\\/\",\"name\":\"Padova: Corso di Formazione Teorico Pratico sui Disturbi dell'Alimentazione (DCA) - 20,21 marzo 2020 - CPTF\",\"isPartOf\":{\"@id\":\"https:\\\/\\\/www.cptf.it\\\/it\\\/#website\"},\"primaryImageOfPage\":{\"@id\":\"https:\\\/\\\/www.cptf.it\\\/it\\\/padova-corso-di-formazione-teorico-pratico-sui-dca-marzo-2020\\\/#primaryimage\"},\"image\":{\"@id\":\"https:\\\/\\\/www.cptf.it\\\/it\\\/padova-corso-di-formazione-teorico-pratico-sui-dca-marzo-2020\\\/#primaryimage\"},\"thumbnailUrl\":\"http:\\\/\\\/www.cptf.it\\\/web\\\/wp-content\\\/uploads\\\/food-disorders-150x150.png\",\"datePublished\":\"2020-01-22T15:18:58+00:00\",\"dateModified\":\"2020-02-18T17:59:52+00:00\",\"author\":{\"@id\":\"https:\\\/\\\/www.cptf.it\\\/it\\\/#\\\/schema\\\/person\\\/ab2e5f535a9345c05d1241047a511cea\"},\"breadcrumb\":{\"@id\":\"https:\\\/\\\/www.cptf.it\\\/it\\\/padova-corso-di-formazione-teorico-pratico-sui-dca-marzo-2020\\\/#breadcrumb\"},\"inLanguage\":\"it-IT\",\"potentialAction\":[{\"@type\":\"ReadAction\",\"target\":[\"https:\\\/\\\/www.cptf.it\\\/it\\\/padova-corso-di-formazione-teorico-pratico-sui-dca-marzo-2020\\\/\"]}]},{\"@type\":\"ImageObject\",\"inLanguage\":\"it-IT\",\"@id\":\"https:\\\/\\\/www.cptf.it\\\/it\\\/padova-corso-di-formazione-teorico-pratico-sui-dca-marzo-2020\\\/#primaryimage\",\"url\":\"http:\\\/\\\/www.cptf.it\\\/web\\\/wp-content\\\/uploads\\\/food-disorders-150x150.png\",\"contentUrl\":\"http:\\\/\\\/www.cptf.it\\\/web\\\/wp-content\\\/uploads\\\/food-disorders-150x150.png\"},{\"@type\":\"BreadcrumbList\",\"@id\":\"https:\\\/\\\/www.cptf.it\\\/it\\\/padova-corso-di-formazione-teorico-pratico-sui-dca-marzo-2020\\\/#breadcrumb\",\"itemListElement\":[{\"@type\":\"ListItem\",\"position\":1,\"name\":\"Home\",\"item\":\"https:\\\/\\\/www.cptf.it\\\/it\\\/\"},{\"@type\":\"ListItem\",\"position\":2,\"name\":\"Padova: Corso di Formazione Teorico Pratico sui Disturbi dell&#8217;Alimentazione (DCA) &#8211; 20,21 marzo 2020\"}]},{\"@type\":\"WebSite\",\"@id\":\"https:\\\/\\\/www.cptf.it\\\/it\\\/#website\",\"url\":\"https:\\\/\\\/www.cptf.it\\\/it\\\/\",\"name\":\"CPTF\",\"description\":\"Centro Padovano di Terapia della famiglia\",\"potentialAction\":[{\"@type\":\"SearchAction\",\"target\":{\"@type\":\"EntryPoint\",\"urlTemplate\":\"https:\\\/\\\/www.cptf.it\\\/it\\\/?s={search_term_string}\"},\"query-input\":{\"@type\":\"PropertyValueSpecification\",\"valueRequired\":true,\"valueName\":\"search_term_string\"}}],\"inLanguage\":\"it-IT\"},{\"@type\":\"Person\",\"@id\":\"https:\\\/\\\/www.cptf.it\\\/it\\\/#\\\/schema\\\/person\\\/ab2e5f535a9345c05d1241047a511cea\",\"name\":\"segreteria\",\"image\":{\"@type\":\"ImageObject\",\"inLanguage\":\"it-IT\",\"@id\":\"https:\\\/\\\/secure.gravatar.com\\\/avatar\\\/f198598e8ef622c0b575e2407a7e39db9f0cb55feaa0c13ffa181dff49e8064c?s=96&d=mm&r=g\",\"url\":\"https:\\\/\\\/secure.gravatar.com\\\/avatar\\\/f198598e8ef622c0b575e2407a7e39db9f0cb55feaa0c13ffa181dff49e8064c?s=96&d=mm&r=g\",\"contentUrl\":\"https:\\\/\\\/secure.gravatar.com\\\/avatar\\\/f198598e8ef622c0b575e2407a7e39db9f0cb55feaa0c13ffa181dff49e8064c?s=96&d=mm&r=g\",\"caption\":\"segreteria\"},\"url\":\"https:\\\/\\\/www.cptf.it\\\/it\\\/author\\\/segreteria\\\/\"}]}<\/script>\n<!-- \/ Yoast SEO plugin. -->","yoast_head_json":{"title":"Padova: Corso di Formazione Teorico Pratico sui Disturbi dell'Alimentazione (DCA) - 20,21 marzo 2020 - CPTF","robots":{"index":"index","follow":"follow","max-snippet":"max-snippet:-1","max-image-preview":"max-image-preview:large","max-video-preview":"max-video-preview:-1"},"canonical":"https:\/\/www.cptf.it\/it\/padova-corso-di-formazione-teorico-pratico-sui-dca-marzo-2020\/","og_locale":"it_IT","og_type":"article","og_title":"Padova: Corso di Formazione Teorico Pratico sui Disturbi dell'Alimentazione (DCA) - 20,21 marzo 2020 - CPTF","og_description":"CORSO DI FORMAZIONE TEORICO PRATICO SUI DISTURBI DELL&#8217;ALIMENTAZIONE (DCA) Disturbi Alimentari &#8230; Obesit\u00e0 &#8230; come vanno considerati? Come vanno trattati? Quali sono gli approcci terapeutici pi\u00f9 efficaci? Il Corso di propone di dare delle risposte alle domande pi\u00f9 frequenti degli operatori che si approcciano a lavorare con i disturbi del...","og_url":"https:\/\/www.cptf.it\/it\/padova-corso-di-formazione-teorico-pratico-sui-dca-marzo-2020\/","og_site_name":"CPTF","article_published_time":"2020-01-22T15:18:58+00:00","article_modified_time":"2020-02-18T17:59:52+00:00","og_image":[{"url":"http:\/\/www.cptf.it\/web\/wp-content\/uploads\/food-disorders-150x150.png","type":"","width":"","height":""}],"author":"segreteria","twitter_card":"summary_large_image","twitter_misc":{"Scritto da":"segreteria"},"schema":{"@context":"https:\/\/schema.org","@graph":[{"@type":"Article","@id":"https:\/\/www.cptf.it\/it\/padova-corso-di-formazione-teorico-pratico-sui-dca-marzo-2020\/#article","isPartOf":{"@id":"https:\/\/www.cptf.it\/it\/padova-corso-di-formazione-teorico-pratico-sui-dca-marzo-2020\/"},"author":{"name":"segreteria","@id":"https:\/\/www.cptf.it\/it\/#\/schema\/person\/ab2e5f535a9345c05d1241047a511cea"},"headline":"Padova: Corso di Formazione Teorico Pratico sui Disturbi dell&#8217;Alimentazione (DCA) &#8211; 20,21 marzo 2020","datePublished":"2020-01-22T15:18:58+00:00","dateModified":"2020-02-18T17:59:52+00:00","mainEntityOfPage":{"@id":"https:\/\/www.cptf.it\/it\/padova-corso-di-formazione-teorico-pratico-sui-dca-marzo-2020\/"},"wordCount":100,"image":{"@id":"https:\/\/www.cptf.it\/it\/padova-corso-di-formazione-teorico-pratico-sui-dca-marzo-2020\/#primaryimage"},"thumbnailUrl":"http:\/\/www.cptf.it\/web\/wp-content\/uploads\/food-disorders-150x150.png","articleSection":["In Evidenza","News"],"inLanguage":"it-IT"},{"@type":"WebPage","@id":"https:\/\/www.cptf.it\/it\/padova-corso-di-formazione-teorico-pratico-sui-dca-marzo-2020\/","url":"https:\/\/www.cptf.it\/it\/padova-corso-di-formazione-teorico-pratico-sui-dca-marzo-2020\/","name":"Padova: Corso di Formazione Teorico Pratico sui Disturbi dell'Alimentazione (DCA) - 20,21 marzo 2020 - CPTF","isPartOf":{"@id":"https:\/\/www.cptf.it\/it\/#website"},"primaryImageOfPage":{"@id":"https:\/\/www.cptf.it\/it\/padova-corso-di-formazione-teorico-pratico-sui-dca-marzo-2020\/#primaryimage"},"image":{"@id":"https:\/\/www.cptf.it\/it\/padova-corso-di-formazione-teorico-pratico-sui-dca-marzo-2020\/#primaryimage"},"thumbnailUrl":"http:\/\/www.cptf.it\/web\/wp-content\/uploads\/food-disorders-150x150.png","datePublished":"2020-01-22T15:18:58+00:00","dateModified":"2020-02-18T17:59:52+00:00","author":{"@id":"https:\/\/www.cptf.it\/it\/#\/schema\/person\/ab2e5f535a9345c05d1241047a511cea"},"breadcrumb":{"@id":"https:\/\/www.cptf.it\/it\/padova-corso-di-formazione-teorico-pratico-sui-dca-marzo-2020\/#breadcrumb"},"inLanguage":"it-IT","potentialAction":[{"@type":"ReadAction","target":["https:\/\/www.cptf.it\/it\/padova-corso-di-formazione-teorico-pratico-sui-dca-marzo-2020\/"]}]},{"@type":"ImageObject","inLanguage":"it-IT","@id":"https:\/\/www.cptf.it\/it\/padova-corso-di-formazione-teorico-pratico-sui-dca-marzo-2020\/#primaryimage","url":"http:\/\/www.cptf.it\/web\/wp-content\/uploads\/food-disorders-150x150.png","contentUrl":"http:\/\/www.cptf.it\/web\/wp-content\/uploads\/food-disorders-150x150.png"},{"@type":"BreadcrumbList","@id":"https:\/\/www.cptf.it\/it\/padova-corso-di-formazione-teorico-pratico-sui-dca-marzo-2020\/#breadcrumb","itemListElement":[{"@type":"ListItem","position":1,"name":"Home","item":"https:\/\/www.cptf.it\/it\/"},{"@type":"ListItem","position":2,"name":"Padova: Corso di Formazione Teorico Pratico sui Disturbi dell&#8217;Alimentazione (DCA) &#8211; 20,21 marzo 2020"}]},{"@type":"WebSite","@id":"https:\/\/www.cptf.it\/it\/#website","url":"https:\/\/www.cptf.it\/it\/","name":"CPTF","description":"Centro Padovano di Terapia della famiglia","potentialAction":[{"@type":"SearchAction","target":{"@type":"EntryPoint","urlTemplate":"https:\/\/www.cptf.it\/it\/?s={search_term_string}"},"query-input":{"@type":"PropertyValueSpecification","valueRequired":true,"valueName":"search_term_string"}}],"inLanguage":"it-IT"},{"@type":"Person","@id":"https:\/\/www.cptf.it\/it\/#\/schema\/person\/ab2e5f535a9345c05d1241047a511cea","name":"segreteria","image":{"@type":"ImageObject","inLanguage":"it-IT","@id":"https:\/\/secure.gravatar.com\/avatar\/f198598e8ef622c0b575e2407a7e39db9f0cb55feaa0c13ffa181dff49e8064c?s=96&d=mm&r=g","url":"https:\/\/secure.gravatar.com\/avatar\/f198598e8ef622c0b575e2407a7e39db9f0cb55feaa0c13ffa181dff49e8064c?s=96&d=mm&r=g","contentUrl":"https:\/\/secure.gravatar.com\/avatar\/f198598e8ef622c0b575e2407a7e39db9f0cb55feaa0c13ffa181dff49e8064c?s=96&d=mm&r=g","caption":"segreteria"},"url":"https:\/\/www.cptf.it\/it\/author\/segreteria\/"}]}},"_links":{"self":[{"href":"https:\/\/www.cptf.it\/it\/wp-json\/wp\/v2\/posts\/8057","targetHints":{"allow":["GET"]}}],"collection":[{"href":"https:\/\/www.cptf.it\/it\/wp-json\/wp\/v2\/posts"}],"about":[{"href":"https:\/\/www.cptf.it\/it\/wp-json\/wp\/v2\/types\/post"}],"author":[{"embeddable":true,"href":"https:\/\/www.cptf.it\/it\/wp-json\/wp\/v2\/users\/2"}],"replies":[{"embeddable":true,"href":"https:\/\/www.cptf.it\/it\/wp-json\/wp\/v2\/comments?post=8057"}],"version-history":[{"count":1,"href":"https:\/\/www.cptf.it\/it\/wp-json\/wp\/v2\/posts\/8057\/revisions"}],"predecessor-version":[{"id":8076,"href":"https:\/\/www.cptf.it\/it\/wp-json\/wp\/v2\/posts\/8057\/revisions\/8076"}],"wp:attachment":[{"href":"https:\/\/www.cptf.it\/it\/wp-json\/wp\/v2\/media?parent=8057"}],"wp:term":[{"taxonomy":"category","embeddable":true,"href":"https:\/\/www.cptf.it\/it\/wp-json\/wp\/v2\/categories?post=8057"},{"taxonomy":"post_tag","embeddable":true,"href":"https:\/\/www.cptf.it\/it\/wp-json\/wp\/v2\/tags?post=8057"}],"curies":[{"name":"wp","href":"https:\/\/api.w.org\/{rel}","templated":true}]}}