{"id":8599,"date":"2020-03-27T12:05:44","date_gmt":"2020-03-27T11:05:44","guid":{"rendered":"https:\/\/www.cptf.it\/it\/?p=8599"},"modified":"2020-05-06T11:20:52","modified_gmt":"2020-05-06T10:20:52","slug":"pandemia-covid-19-alcune-riflessioni-di-andrea-mosconi","status":"publish","type":"post","link":"https:\/\/www.cptf.it\/it\/pandemia-covid-19-alcune-riflessioni-di-andrea-mosconi\/","title":{"rendered":"Pandemia Covid-19: Alcune riflessioni di Andrea Mosconi"},"content":{"rendered":"<h3>Il Direttore del CPTF, Andrea Mosconi, condivide alcune riflessioni rispetto all&#8217;Emergenza che stiamo vivendo in queste settimane.<\/h3>\n<p>Scarica la versione stampabile<\/p>\n<a  data-e-Disable-Page-Transition=\"true\" class=\"download-link filetype-icon filetype-pdf\" title=\"\" href=\"https:\/\/www.cptf.it\/it\/download\/8601\/?tmstv=1777440082\" rel=\"nofollow\" id=\"download-link-8601\" data-redirect=\"false\" >\n\tlettera_a_tutti.pdf\t(436 download\t)\n<\/a>\n\n<p>Carissimi tutti, Allievi, Segreterie, Docenti, tutti Voi amici e Callaboratori,<br \/>\n\u00e8 da un po&#8217; di giorni che volevo scrivervi qualcosa per esserVi pi\u00f9 vicino, ma solo dopo che ho visto riprendere le attivit\u00e0, osservato i docenti e salutato i gruppi che riiniziavano con la didattica online ed ho sentito le fatiche, l\u2019impegno ed i timori di tutti voi, mi sono detto\u2026&#8230; s\u00ec \u00e8 il momento, lo voglio fare. Naturalmente \u00e8 possibile che qualcuno sia d\u2019accordo e qualcun altro no su quanto vi dir\u00f2, ed \u00e8 anche possibile che alcuni siano stufi di ricevere messaggi. Se volete, cestinate pure ancor prima di leggere o dopo le prime parole \u2026 non \u00e8 un problema, perch\u00e9 \u00e8 una mia esigenza focalizzare alcune cose da dire, in parte anche non nuove perch\u00e9 cominciano ad emergere sempre di pi\u00f9 dai Media, ma voglio correre questo rischio ed \u00e8 bene che sia cos\u00ec quando si prende l\u2019iniziativa di comunicare. Quindi inizio!<\/p>\n<p>Siamo tutti qui ad attendere gli eventi. I giorni passano e per qualcuno ogni giorno ha la sua particolare caratteristica o per qualcuno pu\u00f2 sembrare uguale all\u2019altro. Le lezioni si sono riavviate e mi pare che tutto funzioni meglio di quanto si pensasse, grazie all\u2019impegno e alla seriet\u00e0 di tutti. \u00c8 stato bello poter continuare a lavorare insieme. Proprio per questo sento il desiderio di condividere con voi alcune considerazioni riguardo ad una possibile lettura Sistemica della situazione.<\/p>\n<p>Questa che stiamo attraversando non \u00e8 una crisi qualunque, \u00e8 una crisi epocale!<br \/>\nMi pare che sia la prima ovvia considerazione che riecheggia da molte parti.<br \/>\nLa domanda allora pu\u00f2 essere proprio quella sistemica per eccellenza. Quella che ci facciamo in ogni situazione e di fronte ad ogni persona che ci presenta un problema. Come dico spesso, una specie di Mantra Sistemico: \u201cPerfetto, cosa mi permette di imparare?\u201d.<br \/>\nEbbene molte sono le considerazioni sistemiche che mi vengono da fare e proporvi.<\/p>\n<p>a) Sul piano del Sistema dell\u2019interazione tra questo COVID-19 ed il nostro sistema corpo vi parlo da medico. \u00c8 ormai chiaro, ma lo era fin dall\u2019inizio a chi lo volesse vedere, che questo virus ha tre aspetti che lo rendono temibile: 1) \u00e8 nuovo e quindi non siamo immunizzati; 2) passa anche attraverso portatori sani che, anche se hanno una carica virale minore, sono pur sempre capaci di contagio e quindi non si riesce a controllare facilmente; 3) differentemente da un qualunque virus influenzale attacca direttamente il parenchima polmonare e quindi d\u00e0 direttamente una polmonite virale e non una rino-laringo-tracheo-bronchite come la maggior parte dei virus influenzali. Da questo punto di vista, quindi, il rispetto della clausura richiesta dalle misure governative \u00e8 indispensabile ed \u00e8 davvero l\u2019unica difesa. Almeno per ora. Proprio per questo abbiamo deciso di interrompere le lezioni presto, quasi prima dei provvedimenti governativi. So che al momento qualcuno ha dubitato, ma ora ne possiamo capire meglio il senso.<\/p>\n<p>b) Sul piano dell\u2019interazione tra questo virus e il sistema sociale, la domanda che molti si fanno \u00e8: quanto durer\u00e0? Anche nei gruppi si sentiva riecheggiare. Ora il conto a buon senso \u00e8 presto fatto. Come dicevo al 2\u00b0 anno di Padova, se teniamo conto che le misure governative datano 15 giorni fa, ma che ancora si \u00e8 sentita la necessit\u00e0 di inasprirle perch\u00e9 a noi Italiani ci viene difficile sia dare che accettare le regole rigide ed imposte e che il tempo di incubazione \u00e8 di 15 giorni, non \u00e8 difficile ipotizzare che il cosiddetto \u201cpicco\u201d dei contagi stenter\u00e0 ancora un po&#8217; ad essere raggiunto. Da l\u00ec poi ci vuole il tempo che i malati guariscano e che poi passi un tempo aggiuntivo perch\u00e9 il virus venga eliminato dai vari portatori. Mettendo insieme tutto questo, credo che dobbiamo metterci nell\u2019ordine di idee che la situazione attuale durer\u00e0 ancora un bel po&#8217;. Giugno? Forse e forse di pi\u00f9. Gli epidemiologi sembrano andare sempre pi\u00f9 in questa direzione. Ovviamente il tutto salvo imprevisti sia in meglio che in peggio. Dotiamoci di pazienza!<\/p>\n<p>c) Ma guardiamo un po&#8217; pi\u00f9 in largo, al macrosistema in cui tutto questo avviene. Se prendiamo in considerazione la relazione tra NOI \u201cHomo Sapiens\u201d e il Sistema Natura in cui siamo inseriti, questa vicenda cambia alcune regole della relazione. Ci permette di renderci drammaticamente conto che non siamo onnipotenti, che siamo elementi parte di un Sistema che pu\u00f2 annientarci in breve tempo se non teniamo costantemente conto del feedback che viene dalla interazione con gli altri elementi del Sistema stesso. Da questo punto di vista, questo virus \u00e8 un avvertimento, \u00e8 quasi un meccanismo omeostatico che si produce in un Sistema che \u00e8 gi\u00e0 al limite del suo range di interazioni possibili ed sta arrivando ad un possibile punto di biforcazione, per dirla con Prigogine. \u00c8 una prova di catastrofe generale di crisi globale. In fondo ci sono altri \u201cCOVID\u201d in giro di cui non vogliamo prendere coscienza e che possono altrettanto minare in modo globale la nostra sopravvivenza: il global worming innanzitutto, ma altri come l\u2019inquinamento, la deforestazione, la desertificazione, il consumo dell\u2019acqua, gli squilibri economici crescenti ovunque all\u2019interno delle nostre Societ\u00e0 e tra le differenti parti del mondo. Anche nel caso di questi \u201cCOVID\u201d noi uomini facciamo finta di non vederli ed essi possono avanzare in modo nascosto e strisciante finch\u00e9 non esploderanno. Esattamente come il COVID-19! La cosa \u201cbuona\u201d, si fa per dire, del virus \u00e8 che, mentre per tutte le altre cause e per gli effetti che esse stanno producendo, tipo l\u2019emigrazione, le guerre, ecc\u2026.. si pu\u00f2 prendersela con qualcuno che viene ritenuto colpevole e si pu\u00f2 sentirsi nel giusto, per il virus no! Lui \u00e8 un nemico neutrale rispetto a tutto il sistema. Fa un intervento uguale per tutti, proprio come noi cerchiamo di fare con i Sistemi Familiari o meno con cui vogliamo lavorare e, proprio come un Sistema che a fine di una seduta con noi non sa dire chi abbia ragione o chi torto, cos\u00ec l\u2019umanit\u00e0 \u00e8 spinta a guardarsi l\u2019uno con l\u2019altro, a confrontarsi, a provare addirittura comprensione o disponibilit\u00e0 all\u2019aiuto verso chi fino a ieri si odiava o si respingeva. Ci sono s\u00ec anche quelli che, non capendo, continuano ad agitare la bandiera dell\u2019interesse personale o fanno la caccia al colpevole o agiscono solo a propria difesa, ma almeno per ora vengono smascherati e sono costretti ad ammettere o cercare di correggere. Per ora prevale la solidariet\u00e0, l\u2019ammirazione per l\u2019impegno e la generosit\u00e0 di chi \u00e8 in prima linea, il senso di essere una comunit\u00e0. E vediamo i segnali sempre pi\u00f9 chiari che, l\u00ec dove l\u2019uomo fa un passo indietro, il Sistema Natura di cui siamo parte riprende fiato, l\u2019inquinamento diminuisce e tutto sembra indicarci la strada di cosa dobbiamo considerare per lo Sviluppo del futuro. Una grande opportunit\u00e0 non credete? Sapremo tenerne conto?<\/p>\n<p>d) Questo porta con s\u00e9 un\u2019altra considerazione riguardante il sistema sociale. In questi ultimi anni, forse accecati dalla corsa al benessere o forse perch\u00e9 il benessere stesso aveva permesso a molti di approfittarne in modo scorretto anche nelle strutture pubbliche, la parola d\u2019ordine \u00e8 stata quella di riequilibrare i bilanci nazionali distruggendo quella rete di strutture statali che avevano funzionato da scheletro, da sistema sanguigno e neuronale della societ\u00e0 sostenendo e portando alimento in tutto il sistema corpo sociale. Evidentemente parlo della Sanit\u00e0, della Pubblica Istruzione, del Welfare, dei Trasporti \u2026 Tocchiamo con mano ora cosa vuole dire non aver continuato ad essere coscienti del valore di questi \u201cElementi\u201d del sistema sociale. Lo dico sia per chi dal di dentro ne ha disonestamente approfittato che per chi dal di fuori, per propria ideologia, li ha combattuti. Ecco, questa crisi ci pu\u00f2 aiutare a riordinare la scala di valori riguardo a ci\u00f2 che \u00e8 pi\u00f9 importante da preservare in un sistema sociale, controbilanciando l\u2019importanza eccessiva data al sistema produttivo, per tenere in giusta considerazione ci\u00f2 che \u00e8 alla base di una convivenza possibile, sicura e civile. Anche l\u2019enorme sviluppo della rete informatica che sta diventando sempre di pi\u00f9 la rete neuronale del pianeta, se da un lato ci permette di accelerare i feedback tra parti del sistema facilitando la possibilit\u00e0 di co-costruire le soluzioni, dall\u2019altro domani ci metter\u00e0 di fronte a problemi come: l\u2019enorme possibilit\u00e0 di controllare ancora di pi\u00f9 di ora le vite individuali e stabilire chi e come potr\u00e0 gestire l\u2019enorme potere che tutto questo accentra \u2026 e nelle mani di chi?<br \/>\nCerto sono sempre le due polarit\u00e0 che vanno bilanciate: il sistema competitivo e quello collaborativo. L\u2019uno va nella direzione della selezione della specie che pu\u00f2 divenire selvaggia e l\u2019altro verso l\u2019idea che il medio bene dei pi\u00f9 \u00e8 meglio del massimo bene di pochi.<br \/>\nCe lo ricorderemo poi?<\/p>\n<p>e) E cosa dice tutto questo riguardo alle nostre interazioni quotidiane, ai nostri sistemi pi\u00f9 vicini? Certo questo fermarci ci mette nella condizione di cambiare la nostra posizione nei Sistemi di cui facciamo parte e cambiano le regole di relazione. Ci sentiamo lontani o addirittura separati da chi ci era vicino, comunicare virtualmente con chi eravamo abituati a toccare, guardare in faccia, accarezzare, stringerne la mano, dare una pacca sulla spalla, prendere sotto braccio. Al contrario ci possiamo trovare a convivere con chi non eravamo abituati ad avere vicino per cos\u00ec tante ore o addirittura era in conflitto con noi, vederlo\/la ogni giorno e magari doverci parlare. Non possiamo pi\u00f9 giovarci di struttura dissipative, cos\u00ec si chiamano, che diluivano e differenziavano, distribuendole, le tensioni dei Sistemi: lavoro, spostamenti, scuola, attivit\u00e0 varie. Magari ci favorivano nell\u2019utilizzare il meccanismo dell\u2019evitamento che tanto \u00e8 utile per illuderci che ci sia un equilibrio nelle relazioni. No, ora non ci possiamo tirare indietro, siamo in contatto! Ed allora? Ecco che anche questa \u00e8 un\u2019opportunit\u00e0 per fermarci ed ascoltare noi stessi e gli altri, provare a guardarli con occhi diversi, non pretendere di strafare, riapprezzare i piccoli gesti, lasciare che le cose nascano dal costruire insieme e non sottrarci alle verifiche, se queste devono venire. Ma con pazienza e cercando le soluzioni, non i problemi. Cos\u00ec nell\u2019infinitamente piccolo potremo riscoprire magari il valore del quotidiano, del silenzio, delle cose semplici, del fare insieme, dell\u2019aspettare che la fantasia dell\u2019uno o dell\u2019altro porti alla mente un\u2019idea. A volte \u00e8 pi\u00f9 semplice di quanto sembri!<\/p>\n<p>f) E con i nostri pazienti\u2026\u2026.\u201dpazienti\u201d? Anche qui la nostra posizione cambia. Di volta in volta potremo trovarci ad inventare modi diversi di farci sentire vicini, esplorare strumenti nuovi e differenti per restare in relazione e dare aiuto, credere che, al di l\u00e0 dello strumento usato, ancora una volta \u00e8 la conferma nella relazione quello che conta. Ci risuonano le parole di Cecchin: \u201cTutti abbiamo bisogno di sentirci visti e pur di sentirci visti siamo disposti ad inventarne di tutti i colori!\u201d E poi\u2026 e poi ovviamente: ipotizzazione, circolarit\u00e0 e neutralit\u00e0! Cos\u00ec i nostri pazienti ci sentiranno presenti, anche se in modo differente, ed apprezzeranno il nostro impegno sincero ed attento. Come diceva Milton Erickson: \u201cnon ci sono pazienti difficili o inguaribili, ci sono solo terapeuti che riescono o non riescono a trovare un modo di comunicare con loro\u201d. Ma mentre scrivo mi viene in mente un\u2019altra cosa. Vediamo come un piccolo virus, che per\u00f2 colpisce il Sistema in un punto preciso, ottiene grandi effetti. Questo pu\u00f2 essere un insegnamento per il nostro fare Terapia. Viene in mente la \u201cSaltologia\u201d di cui parla il Milan Team proprio nelle prime pagine di Paradosso e Controparadosso:<\/p>\n<p>\u00abI risultati hanno confermato che, quando si riesce a scoprire e cambiare una regola fondamentale di un sistema, si pu\u00f2 ottenere rapidamente la scomparsa dei comportamenti patologici. Ci\u00f2 ci induce ad accettare l\u2019idea proposta di Rabkin: che in natura avvenimenti d\u2019importanza radicale accadono, a volte, d\u2019improvviso quando una regola fondamentale di un sistema viene cambiata. Rabkin propone il termine di \u00absaltology\u00bb, cio\u00e8 saltologia (dal latino saltus) per la disciplina che dovrebbe studiare questi fenomeni. Ci\u00f2 trova la sua corrispondenza nella Teoria Generale dei Sistemi i cui teorici parlano di \u00abP.s.\u00bb come di quel punto del sistema sul quale converge il numero massimo di funzioni essenziali a un sistema, cambiando il quale si ottiene il massimo cambiamento con un minimo di dispendio energetico\u00bb.<br \/>\n(Selvini Palazzoli M., Boscolo L., Cecchin G.F., Prata G., 1975 )<\/p>\n<p>Ecco, studiare con precisione i nostri interventi di aiuto perch\u00e9 colgano il pi\u00f9 possibile il \u201cP.s.\u201d dei problemi che i Sistemi individui o famiglie ci portano, ma con una coscienza in pi\u00f9: che il \u201cP.s.\u201d per eccellenza sta nel cercare insieme a loro!<\/p>\n<p>Ecco, questo \u00e8 quanto riflettevo in questi giorni e sentivo di volere condividere con voi. Tutto questo \u201cci permette di imparare\u201d e forse molto altro che verr\u00e0. \u00c8 un\u2019opportunit\u00e0 di presa di coscienza che questa infezione del COVID\u2026.\u201dTerapeuta Sistemico\u201d ci offre.<br \/>\nNaturalmente per chi la vuole vedere e soprattutto tenere con S\u00e8 in fondo alla propria coscienza.<\/p>\n<p>Un augurio che tutto vada per il meglio a tutti voi. Sapete che Vi sono vicino e ci tengo a darVi tutto quanto \u00e8 possibile e viene dalla mia esperienza umana e clinica.<br \/>\nUn abbraccio a tutti e \u2026\u2026. Andiamo avanti, costruiamo insieme tempi migliori!!!<br \/>\nAndrea Mosconi<\/p>\n","protected":false},"excerpt":{"rendered":"<p>Siamo tutti qui ad attendere gli eventi. I giorni passano e per qualcuno ogni giorno ha la sua particolare caratteristica o per qualcuno pu\u00f2 sembrare uguale all\u2019altro.<\/p>\n","protected":false},"author":2,"featured_media":8603,"comment_status":"closed","ping_status":"open","sticky":false,"template":"","format":"standard","meta":{"footnotes":""},"categories":[10,4],"tags":[],"class_list":["post-8599","post","type-post","status-publish","format-standard","has-post-thumbnail","hentry","category-in-evidenza","category-news"],"yoast_head":"<!-- This site is optimized with the Yoast SEO plugin v27.3 - https:\/\/yoast.com\/product\/yoast-seo-wordpress\/ -->\n<title>Pandemia Covid-19: Alcune riflessioni di Andrea Mosconi - CPTF<\/title>\n<meta name=\"description\" content=\"Siamo tutti qui ad attendere gli eventi. I giorni passano e per qualcuno ogni giorno ha la sua particolare caratteristica o per qualcuno pu\u00f2 sembrare uguale all\u2019altro.\" \/>\n<meta name=\"robots\" content=\"index, follow, max-snippet:-1, max-image-preview:large, max-video-preview:-1\" \/>\n<link rel=\"canonical\" href=\"https:\/\/www.cptf.it\/it\/pandemia-covid-19-alcune-riflessioni-di-andrea-mosconi\/\" \/>\n<meta property=\"og:locale\" content=\"it_IT\" \/>\n<meta property=\"og:type\" content=\"article\" \/>\n<meta property=\"og:title\" content=\"Pandemia Covid-19: Alcune riflessioni di Andrea Mosconi - CPTF\" \/>\n<meta property=\"og:description\" content=\"Siamo tutti qui ad attendere gli eventi. I giorni passano e per qualcuno ogni giorno ha la sua particolare caratteristica o per qualcuno pu\u00f2 sembrare uguale all\u2019altro.\" \/>\n<meta property=\"og:url\" content=\"https:\/\/www.cptf.it\/it\/pandemia-covid-19-alcune-riflessioni-di-andrea-mosconi\/\" \/>\n<meta property=\"og:site_name\" content=\"CPTF\" \/>\n<meta property=\"article:published_time\" content=\"2020-03-27T11:05:44+00:00\" \/>\n<meta property=\"article:modified_time\" content=\"2020-05-06T10:20:52+00:00\" \/>\n<meta property=\"og:image\" content=\"https:\/\/www.cptf.it\/it\/wp-content\/uploads\/coronavirus.jpg\" \/>\n\t<meta property=\"og:image:width\" content=\"1600\" \/>\n\t<meta property=\"og:image:height\" content=\"1006\" \/>\n\t<meta property=\"og:image:type\" content=\"image\/jpeg\" \/>\n<meta name=\"author\" content=\"segreteria\" \/>\n<meta name=\"twitter:card\" content=\"summary_large_image\" \/>\n<meta name=\"twitter:label1\" content=\"Scritto da\" \/>\n\t<meta name=\"twitter:data1\" content=\"segreteria\" \/>\n\t<meta name=\"twitter:label2\" content=\"Tempo di lettura stimato\" \/>\n\t<meta name=\"twitter:data2\" content=\"11 minuti\" \/>\n<script type=\"application\/ld+json\" class=\"yoast-schema-graph\">{\"@context\":\"https:\\\/\\\/schema.org\",\"@graph\":[{\"@type\":\"Article\",\"@id\":\"https:\\\/\\\/www.cptf.it\\\/it\\\/pandemia-covid-19-alcune-riflessioni-di-andrea-mosconi\\\/#article\",\"isPartOf\":{\"@id\":\"https:\\\/\\\/www.cptf.it\\\/it\\\/pandemia-covid-19-alcune-riflessioni-di-andrea-mosconi\\\/\"},\"author\":{\"name\":\"segreteria\",\"@id\":\"https:\\\/\\\/www.cptf.it\\\/it\\\/#\\\/schema\\\/person\\\/ab2e5f535a9345c05d1241047a511cea\"},\"headline\":\"Pandemia Covid-19: Alcune riflessioni di Andrea Mosconi\",\"datePublished\":\"2020-03-27T11:05:44+00:00\",\"dateModified\":\"2020-05-06T10:20:52+00:00\",\"mainEntityOfPage\":{\"@id\":\"https:\\\/\\\/www.cptf.it\\\/it\\\/pandemia-covid-19-alcune-riflessioni-di-andrea-mosconi\\\/\"},\"wordCount\":2198,\"image\":{\"@id\":\"https:\\\/\\\/www.cptf.it\\\/it\\\/pandemia-covid-19-alcune-riflessioni-di-andrea-mosconi\\\/#primaryimage\"},\"thumbnailUrl\":\"https:\\\/\\\/www.cptf.it\\\/it\\\/wp-content\\\/uploads\\\/coronavirus.jpg\",\"articleSection\":[\"In Evidenza\",\"News\"],\"inLanguage\":\"it-IT\"},{\"@type\":\"WebPage\",\"@id\":\"https:\\\/\\\/www.cptf.it\\\/it\\\/pandemia-covid-19-alcune-riflessioni-di-andrea-mosconi\\\/\",\"url\":\"https:\\\/\\\/www.cptf.it\\\/it\\\/pandemia-covid-19-alcune-riflessioni-di-andrea-mosconi\\\/\",\"name\":\"Pandemia Covid-19: Alcune riflessioni di Andrea Mosconi - CPTF\",\"isPartOf\":{\"@id\":\"https:\\\/\\\/www.cptf.it\\\/it\\\/#website\"},\"primaryImageOfPage\":{\"@id\":\"https:\\\/\\\/www.cptf.it\\\/it\\\/pandemia-covid-19-alcune-riflessioni-di-andrea-mosconi\\\/#primaryimage\"},\"image\":{\"@id\":\"https:\\\/\\\/www.cptf.it\\\/it\\\/pandemia-covid-19-alcune-riflessioni-di-andrea-mosconi\\\/#primaryimage\"},\"thumbnailUrl\":\"https:\\\/\\\/www.cptf.it\\\/it\\\/wp-content\\\/uploads\\\/coronavirus.jpg\",\"datePublished\":\"2020-03-27T11:05:44+00:00\",\"dateModified\":\"2020-05-06T10:20:52+00:00\",\"author\":{\"@id\":\"https:\\\/\\\/www.cptf.it\\\/it\\\/#\\\/schema\\\/person\\\/ab2e5f535a9345c05d1241047a511cea\"},\"description\":\"Siamo tutti qui ad attendere gli eventi. I giorni passano e per qualcuno ogni giorno ha la sua particolare caratteristica o per qualcuno pu\u00f2 sembrare uguale all\u2019altro.\",\"breadcrumb\":{\"@id\":\"https:\\\/\\\/www.cptf.it\\\/it\\\/pandemia-covid-19-alcune-riflessioni-di-andrea-mosconi\\\/#breadcrumb\"},\"inLanguage\":\"it-IT\",\"potentialAction\":[{\"@type\":\"ReadAction\",\"target\":[\"https:\\\/\\\/www.cptf.it\\\/it\\\/pandemia-covid-19-alcune-riflessioni-di-andrea-mosconi\\\/\"]}]},{\"@type\":\"ImageObject\",\"inLanguage\":\"it-IT\",\"@id\":\"https:\\\/\\\/www.cptf.it\\\/it\\\/pandemia-covid-19-alcune-riflessioni-di-andrea-mosconi\\\/#primaryimage\",\"url\":\"https:\\\/\\\/www.cptf.it\\\/it\\\/wp-content\\\/uploads\\\/coronavirus.jpg\",\"contentUrl\":\"https:\\\/\\\/www.cptf.it\\\/it\\\/wp-content\\\/uploads\\\/coronavirus.jpg\",\"width\":1600,\"height\":1006,\"caption\":\"Notizie Pandemia Covid-19: Alcune riflessioni di Andrea Mosconi\"},{\"@type\":\"BreadcrumbList\",\"@id\":\"https:\\\/\\\/www.cptf.it\\\/it\\\/pandemia-covid-19-alcune-riflessioni-di-andrea-mosconi\\\/#breadcrumb\",\"itemListElement\":[{\"@type\":\"ListItem\",\"position\":1,\"name\":\"Home\",\"item\":\"https:\\\/\\\/www.cptf.it\\\/it\\\/\"},{\"@type\":\"ListItem\",\"position\":2,\"name\":\"Pandemia Covid-19: Alcune riflessioni di Andrea Mosconi\"}]},{\"@type\":\"WebSite\",\"@id\":\"https:\\\/\\\/www.cptf.it\\\/it\\\/#website\",\"url\":\"https:\\\/\\\/www.cptf.it\\\/it\\\/\",\"name\":\"CPTF\",\"description\":\"Centro Padovano di Terapia della famiglia\",\"potentialAction\":[{\"@type\":\"SearchAction\",\"target\":{\"@type\":\"EntryPoint\",\"urlTemplate\":\"https:\\\/\\\/www.cptf.it\\\/it\\\/?s={search_term_string}\"},\"query-input\":{\"@type\":\"PropertyValueSpecification\",\"valueRequired\":true,\"valueName\":\"search_term_string\"}}],\"inLanguage\":\"it-IT\"},{\"@type\":\"Person\",\"@id\":\"https:\\\/\\\/www.cptf.it\\\/it\\\/#\\\/schema\\\/person\\\/ab2e5f535a9345c05d1241047a511cea\",\"name\":\"segreteria\",\"image\":{\"@type\":\"ImageObject\",\"inLanguage\":\"it-IT\",\"@id\":\"https:\\\/\\\/secure.gravatar.com\\\/avatar\\\/f198598e8ef622c0b575e2407a7e39db9f0cb55feaa0c13ffa181dff49e8064c?s=96&d=mm&r=g\",\"url\":\"https:\\\/\\\/secure.gravatar.com\\\/avatar\\\/f198598e8ef622c0b575e2407a7e39db9f0cb55feaa0c13ffa181dff49e8064c?s=96&d=mm&r=g\",\"contentUrl\":\"https:\\\/\\\/secure.gravatar.com\\\/avatar\\\/f198598e8ef622c0b575e2407a7e39db9f0cb55feaa0c13ffa181dff49e8064c?s=96&d=mm&r=g\",\"caption\":\"segreteria\"},\"url\":\"https:\\\/\\\/www.cptf.it\\\/it\\\/author\\\/segreteria\\\/\"}]}<\/script>\n<!-- \/ Yoast SEO plugin. -->","yoast_head_json":{"title":"Pandemia Covid-19: Alcune riflessioni di Andrea Mosconi - CPTF","description":"Siamo tutti qui ad attendere gli eventi. I giorni passano e per qualcuno ogni giorno ha la sua particolare caratteristica o per qualcuno pu\u00f2 sembrare uguale all\u2019altro.","robots":{"index":"index","follow":"follow","max-snippet":"max-snippet:-1","max-image-preview":"max-image-preview:large","max-video-preview":"max-video-preview:-1"},"canonical":"https:\/\/www.cptf.it\/it\/pandemia-covid-19-alcune-riflessioni-di-andrea-mosconi\/","og_locale":"it_IT","og_type":"article","og_title":"Pandemia Covid-19: Alcune riflessioni di Andrea Mosconi - CPTF","og_description":"Siamo tutti qui ad attendere gli eventi. I giorni passano e per qualcuno ogni giorno ha la sua particolare caratteristica o per qualcuno pu\u00f2 sembrare uguale all\u2019altro.","og_url":"https:\/\/www.cptf.it\/it\/pandemia-covid-19-alcune-riflessioni-di-andrea-mosconi\/","og_site_name":"CPTF","article_published_time":"2020-03-27T11:05:44+00:00","article_modified_time":"2020-05-06T10:20:52+00:00","og_image":[{"width":1600,"height":1006,"url":"https:\/\/www.cptf.it\/it\/wp-content\/uploads\/coronavirus.jpg","type":"image\/jpeg"}],"author":"segreteria","twitter_card":"summary_large_image","twitter_misc":{"Scritto da":"segreteria","Tempo di lettura stimato":"11 minuti"},"schema":{"@context":"https:\/\/schema.org","@graph":[{"@type":"Article","@id":"https:\/\/www.cptf.it\/it\/pandemia-covid-19-alcune-riflessioni-di-andrea-mosconi\/#article","isPartOf":{"@id":"https:\/\/www.cptf.it\/it\/pandemia-covid-19-alcune-riflessioni-di-andrea-mosconi\/"},"author":{"name":"segreteria","@id":"https:\/\/www.cptf.it\/it\/#\/schema\/person\/ab2e5f535a9345c05d1241047a511cea"},"headline":"Pandemia Covid-19: Alcune riflessioni di Andrea Mosconi","datePublished":"2020-03-27T11:05:44+00:00","dateModified":"2020-05-06T10:20:52+00:00","mainEntityOfPage":{"@id":"https:\/\/www.cptf.it\/it\/pandemia-covid-19-alcune-riflessioni-di-andrea-mosconi\/"},"wordCount":2198,"image":{"@id":"https:\/\/www.cptf.it\/it\/pandemia-covid-19-alcune-riflessioni-di-andrea-mosconi\/#primaryimage"},"thumbnailUrl":"https:\/\/www.cptf.it\/it\/wp-content\/uploads\/coronavirus.jpg","articleSection":["In Evidenza","News"],"inLanguage":"it-IT"},{"@type":"WebPage","@id":"https:\/\/www.cptf.it\/it\/pandemia-covid-19-alcune-riflessioni-di-andrea-mosconi\/","url":"https:\/\/www.cptf.it\/it\/pandemia-covid-19-alcune-riflessioni-di-andrea-mosconi\/","name":"Pandemia Covid-19: Alcune riflessioni di Andrea Mosconi - CPTF","isPartOf":{"@id":"https:\/\/www.cptf.it\/it\/#website"},"primaryImageOfPage":{"@id":"https:\/\/www.cptf.it\/it\/pandemia-covid-19-alcune-riflessioni-di-andrea-mosconi\/#primaryimage"},"image":{"@id":"https:\/\/www.cptf.it\/it\/pandemia-covid-19-alcune-riflessioni-di-andrea-mosconi\/#primaryimage"},"thumbnailUrl":"https:\/\/www.cptf.it\/it\/wp-content\/uploads\/coronavirus.jpg","datePublished":"2020-03-27T11:05:44+00:00","dateModified":"2020-05-06T10:20:52+00:00","author":{"@id":"https:\/\/www.cptf.it\/it\/#\/schema\/person\/ab2e5f535a9345c05d1241047a511cea"},"description":"Siamo tutti qui ad attendere gli eventi. I giorni passano e per qualcuno ogni giorno ha la sua particolare caratteristica o per qualcuno pu\u00f2 sembrare uguale all\u2019altro.","breadcrumb":{"@id":"https:\/\/www.cptf.it\/it\/pandemia-covid-19-alcune-riflessioni-di-andrea-mosconi\/#breadcrumb"},"inLanguage":"it-IT","potentialAction":[{"@type":"ReadAction","target":["https:\/\/www.cptf.it\/it\/pandemia-covid-19-alcune-riflessioni-di-andrea-mosconi\/"]}]},{"@type":"ImageObject","inLanguage":"it-IT","@id":"https:\/\/www.cptf.it\/it\/pandemia-covid-19-alcune-riflessioni-di-andrea-mosconi\/#primaryimage","url":"https:\/\/www.cptf.it\/it\/wp-content\/uploads\/coronavirus.jpg","contentUrl":"https:\/\/www.cptf.it\/it\/wp-content\/uploads\/coronavirus.jpg","width":1600,"height":1006,"caption":"Notizie Pandemia Covid-19: Alcune riflessioni di Andrea Mosconi"},{"@type":"BreadcrumbList","@id":"https:\/\/www.cptf.it\/it\/pandemia-covid-19-alcune-riflessioni-di-andrea-mosconi\/#breadcrumb","itemListElement":[{"@type":"ListItem","position":1,"name":"Home","item":"https:\/\/www.cptf.it\/it\/"},{"@type":"ListItem","position":2,"name":"Pandemia Covid-19: Alcune riflessioni di Andrea Mosconi"}]},{"@type":"WebSite","@id":"https:\/\/www.cptf.it\/it\/#website","url":"https:\/\/www.cptf.it\/it\/","name":"CPTF","description":"Centro Padovano di Terapia della famiglia","potentialAction":[{"@type":"SearchAction","target":{"@type":"EntryPoint","urlTemplate":"https:\/\/www.cptf.it\/it\/?s={search_term_string}"},"query-input":{"@type":"PropertyValueSpecification","valueRequired":true,"valueName":"search_term_string"}}],"inLanguage":"it-IT"},{"@type":"Person","@id":"https:\/\/www.cptf.it\/it\/#\/schema\/person\/ab2e5f535a9345c05d1241047a511cea","name":"segreteria","image":{"@type":"ImageObject","inLanguage":"it-IT","@id":"https:\/\/secure.gravatar.com\/avatar\/f198598e8ef622c0b575e2407a7e39db9f0cb55feaa0c13ffa181dff49e8064c?s=96&d=mm&r=g","url":"https:\/\/secure.gravatar.com\/avatar\/f198598e8ef622c0b575e2407a7e39db9f0cb55feaa0c13ffa181dff49e8064c?s=96&d=mm&r=g","contentUrl":"https:\/\/secure.gravatar.com\/avatar\/f198598e8ef622c0b575e2407a7e39db9f0cb55feaa0c13ffa181dff49e8064c?s=96&d=mm&r=g","caption":"segreteria"},"url":"https:\/\/www.cptf.it\/it\/author\/segreteria\/"}]}},"_links":{"self":[{"href":"https:\/\/www.cptf.it\/it\/wp-json\/wp\/v2\/posts\/8599","targetHints":{"allow":["GET"]}}],"collection":[{"href":"https:\/\/www.cptf.it\/it\/wp-json\/wp\/v2\/posts"}],"about":[{"href":"https:\/\/www.cptf.it\/it\/wp-json\/wp\/v2\/types\/post"}],"author":[{"embeddable":true,"href":"https:\/\/www.cptf.it\/it\/wp-json\/wp\/v2\/users\/2"}],"replies":[{"embeddable":true,"href":"https:\/\/www.cptf.it\/it\/wp-json\/wp\/v2\/comments?post=8599"}],"version-history":[{"count":6,"href":"https:\/\/www.cptf.it\/it\/wp-json\/wp\/v2\/posts\/8599\/revisions"}],"predecessor-version":[{"id":8837,"href":"https:\/\/www.cptf.it\/it\/wp-json\/wp\/v2\/posts\/8599\/revisions\/8837"}],"wp:featuredmedia":[{"embeddable":true,"href":"https:\/\/www.cptf.it\/it\/wp-json\/wp\/v2\/media\/8603"}],"wp:attachment":[{"href":"https:\/\/www.cptf.it\/it\/wp-json\/wp\/v2\/media?parent=8599"}],"wp:term":[{"taxonomy":"category","embeddable":true,"href":"https:\/\/www.cptf.it\/it\/wp-json\/wp\/v2\/categories?post=8599"},{"taxonomy":"post_tag","embeddable":true,"href":"https:\/\/www.cptf.it\/it\/wp-json\/wp\/v2\/tags?post=8599"}],"curies":[{"name":"wp","href":"https:\/\/api.w.org\/{rel}","templated":true}]}}