{"id":8816,"date":"2020-05-08T11:21:05","date_gmt":"2020-05-08T10:21:05","guid":{"rendered":"https:\/\/www.cptf.it\/it\/?p=8816"},"modified":"2020-11-25T09:53:20","modified_gmt":"2020-11-25T08:53:20","slug":"webinar-spaccato-del-sistema-voci-dal-territorio","status":"publish","type":"post","link":"https:\/\/www.cptf.it\/it\/webinar-spaccato-del-sistema-voci-dal-territorio\/","title":{"rendered":"Webinar: Spaccato del Sistema&#8230; Voci dal Territorio"},"content":{"rendered":"<div class=\"wpb-content-wrapper\"><p>[vc_row css_animation=&#8221;&#8221; row_type=&#8221;row&#8221; use_row_as_full_screen_section=&#8221;no&#8221; type=&#8221;full_width&#8221; angled_section=&#8221;no&#8221; text_align=&#8221;left&#8221; background_image_as_pattern=&#8221;without_pattern&#8221;][vc_column][vc_column_text]<\/p>\n<h3><\/h3>\n<h3><\/h3>\n<h3 style=\"text-align: center;\"><span style=\"color: #003366;\">Webinar con psicologi, psicoterapeuti ed esperti del settore per affrontare tematiche utili in questo periodo di emergenza sanitaria<\/span><\/h3>\n<p>&nbsp;<\/p>\n<p><strong>WEBINAR PASSATI:\u00a0<\/strong><\/p>\n<p><span data-type=\"normal\"  class=\"qode_icon_shortcode  q_font_awsome_icon fa-2x  \" style=\" \"><i class=\"qode_icon_font_awesome fa fa-check qode_icon_element\" style=\"\" ><\/i><\/span> <span style=\"color: #003366;\"><strong>Luned\u00ec 18 maggio 2020 h. 21,00<\/strong><\/span><\/p>\n<p>&#8220;<em>Sistema in Emergenza&#8230;<\/em>&#8221; con <strong>Simona Mreule<\/strong><\/p>\n<p>Siamo stati catapultati improvvisamente in una situazione di Emergenza che, non per nostra singola volont\u00e0, ma &#8220;come obbligo di responsabilit\u00e0 nei confronti del vicino&#8221;, ha creato e sta creando emozioni contrastanti&#8230;.<\/p>\n<a  data-e-Disable-Page-Transition=\"true\" class=\"download-link filetype-icon filetype-pdf\" title=\"\" href=\"https:\/\/www.cptf.it\/it\/download\/8833\/?tmstv=1777440224\" rel=\"nofollow\" id=\"download-link-8833\" data-redirect=\"false\" >\n\tWebinar-18-maggio-2020.pdf\t(1513 download\t)\n<\/a>\n\n<p>[vc_video link=&#8217;https:\/\/www.youtube.com\/watch?v=4uIik2shCjI&amp;t=167s&#8217;]<\/p>\n<p>&nbsp;<\/p>\n<p><span data-type=\"normal\"  class=\"qode_icon_shortcode  q_font_awsome_icon fa-2x  \" style=\" \"><i class=\"qode_icon_font_awesome fa fa-check qode_icon_element\" style=\"\" ><\/i><\/span> <span style=\"color: #003366;\"><strong>Luned\u00ec 25 maggio 2020 h. 21,00<\/strong><\/span><\/p>\n<p>&#8220;<em>Scuola, Famiglia e Didattica a distanza<\/em>&#8221; con <strong>Valentina Segato<br \/>\n<\/strong><\/p>\n<p>La didattica a distanza sta vedendo coinvolti studenti di ogni ordine e grado, maestri, maestre, professori e professoresse, dirigenti, ma anche i genitori e tutti coloro che in qualche modo gravitano attorno al mondo della didattica, che in vari modi hanno dovuto riorganizzare i loro tempi, i loro spazi, le loro competenze&#8230; le loro vite!<\/p>\n<a  data-e-Disable-Page-Transition=\"true\" class=\"download-link filetype-icon filetype-pdf\" title=\"\" href=\"https:\/\/www.cptf.it\/it\/download\/8975\/?tmstv=1777440224\" rel=\"nofollow\" id=\"download-link-8975\" data-redirect=\"false\" >\n\twebinar_25.05.2020_segato.pdf\t(387 download\t)\n<\/a>\n\n<p>[vc_video link=&#8217;https:\/\/youtu.be\/so6iYFDGhA0&#8242;]<\/p>\n<p>&nbsp;<\/p>\n<p><span data-type=\"normal\"  class=\"qode_icon_shortcode  q_font_awsome_icon fa-2x  \" style=\" \"><i class=\"qode_icon_font_awesome fa fa-check qode_icon_element\" style=\"\" ><\/i><\/span> <span style=\"color: #003366;\"><strong>Venerd\u00ec 5 giugno 2020 h. 21,00<\/strong><\/span><\/p>\n<p>&#8220;<em>Il benessere a casa tua<\/em>&#8221; con <strong>Marta Ciani<\/strong><\/p>\n<p>L\u2019incontro vuol essere una riflessione e un confronto su quanto le abitudini alimentari si sono andate modificando e se si sono modificate, in questo periodo di emergenza e quanto l\u2019alimentazione possa essere un aspetto importante per il benessere psico-fisico delle persone.<\/p>\n<a  data-e-Disable-Page-Transition=\"true\" class=\"download-link filetype-icon filetype-pdf\" title=\"\" href=\"https:\/\/www.cptf.it\/it\/download\/9003\/?tmstv=1777440224\" rel=\"nofollow\" id=\"download-link-9003\" data-redirect=\"false\" >\n\twebinar-5.6.2020_Ciani.pdf\t(370 download\t)\n<\/a>\n\n<p>&nbsp;<\/p>\n<p><span data-type=\"normal\"  class=\"qode_icon_shortcode  q_font_awsome_icon fa-2x  \" style=\" \"><i class=\"qode_icon_font_awesome fa fa-check qode_icon_element\" style=\"\" ><\/i><\/span> <span style=\"color: #003366;\"><strong>Gioved\u00ec 11 giugno 2020 h. 21,00<\/strong><\/span><\/p>\n<p>&#8220;<em>Elogio all&#8217;incertezza<\/em>&#8221; con <strong>Maria Grazia Fiorini<\/strong><\/p>\n<p>Esaminare il senso dell&#8217;incertezza come opportunit\u00e0, che va nella direzione opposta al bisogno di controllo e che ci pone di fronte alle nostre paure e fragilit\u00e0.<\/p>\n<a  data-e-Disable-Page-Transition=\"true\" class=\"download-link filetype-icon filetype-pdf\" title=\"\" href=\"https:\/\/www.cptf.it\/it\/download\/9030\/?tmstv=1777440224\" rel=\"nofollow\" id=\"download-link-9030\" data-redirect=\"false\" >\n\twebinar_11.06.2020_fiorini_def.pdf\t(556 download\t)\n<\/a>\n\n<p>&nbsp;<\/p>\n<p><span data-type=\"normal\"  class=\"qode_icon_shortcode  q_font_awsome_icon fa-2x  \" style=\" \"><i class=\"qode_icon_font_awesome fa fa-check qode_icon_element\" style=\"\" ><\/i><\/span> <span style=\"color: #003366;\"><strong>Luned\u00ec 15 giugno 2020 h. 21,00<\/strong><\/span><\/p>\n<p>&#8220;Covid-19: <em>Quali conseguenze per la salute mentale tra immobilismo e sovrapposizione mediatica<\/em>&#8221; con <strong>Davide Carlino<\/strong><\/p>\n<p>Facendo riferimento a ci\u00f2 che \u00e8 accaduto nel passato verr\u00e0 preso in considerazione quanto, nelle ultime settimane, il Covid-19 abbia stravolto le nostre abitudini, drasticamente modificato le nostre priorit\u00e0 e la nostra percezione<br \/>\ndella realt\u00e0.<\/p>\n<a  data-e-Disable-Page-Transition=\"true\" class=\"download-link filetype-icon filetype-pdf\" title=\"\" href=\"https:\/\/www.cptf.it\/it\/download\/9091\/?tmstv=1777440224\" rel=\"nofollow\" id=\"download-link-9091\" data-redirect=\"false\" >\n\twebinar15.06.2020_carlino.pdf\t(503 download\t)\n<\/a>\n\n<p>&nbsp;<\/p>\n<p><span data-type=\"normal\"  class=\"qode_icon_shortcode  q_font_awsome_icon fa-2x  \" style=\" \"><i class=\"qode_icon_font_awesome fa fa-check qode_icon_element\" style=\"\" ><\/i><\/span> <span style=\"color: #003366;\"><strong>Luned\u00ec 22 giugno 2020 h. 21,00<\/strong><\/span><\/p>\n<p>&#8220;<em>Benessere in gravidanza: come sostenere le future mamme in un percorso di cambiamento con un approccio integrato<\/em>&#8221; con Erica Cossettini<\/p>\n<p>E\u2019 importante affrontare la gravidanza e l\u2019arrivo di un bambino attraverso un approccio pratico, concreto, esperienziale che lavora su pi\u00f9 livelli: cognitivo, emotivo, posturale e spaziale oltre che fisiologico.<\/p>\n<a  data-e-Disable-Page-Transition=\"true\" class=\"download-link filetype-icon filetype-pdf\" title=\"\" href=\"https:\/\/www.cptf.it\/it\/download\/9105\/?tmstv=1777440224\" rel=\"nofollow\" id=\"download-link-9105\" data-redirect=\"false\" >\n\twebinar_22.06.2020_cossettini.pdf\t(409 download\t)\n<\/a>\n\n<p>&nbsp;<\/p>\n<p><span data-type=\"normal\"  class=\"qode_icon_shortcode  q_font_awsome_icon fa-2x  \" style=\" \"><i class=\"qode_icon_font_awesome fa fa-check qode_icon_element\" style=\"\" ><\/i><\/span> <span style=\"color: #003366;\"><strong>Venerd\u00ec 26 giugno 2020 h. 21,00<\/strong><\/span><\/p>\n<p>&#8220;<i>Famiglie e nuovi media: nuovi bisogni emergenti<\/i>&#8221; con Alessandro Mantovani<\/p>\n<p>Gli effetti di questi passi del progresso hanno risuonato in modo dirompente nei sistemi sociali insinuandosi soprattutto in quelli gerarchicamente pi\u00f9 bassi, quali le famiglie, stravolgendone i funzionamenti sociali, relazionali, di apprendimento ed affettivi.<\/p>\n<a  data-e-Disable-Page-Transition=\"true\" class=\"download-link filetype-icon filetype-pdf\" title=\"\" href=\"https:\/\/www.cptf.it\/it\/download\/9118\/?tmstv=1777440224\" rel=\"nofollow\" id=\"download-link-9118\" data-redirect=\"false\" >\n\twebinar_26.06.2020_mantovani.pdf\t(337 download\t)\n<\/a>\n\n<p>&nbsp;<\/p>\n<p><span data-type=\"normal\"  class=\"qode_icon_shortcode  q_font_awsome_icon fa-2x  \" style=\" \"><i class=\"qode_icon_font_awesome fa fa-check qode_icon_element\" style=\"\" ><\/i><\/span> <span style=\"color: #003366;\"><strong>Mercoled\u00ec 1 luglio 2020 h. 21,00<\/strong><\/span><\/p>\n<p>&#8220;<i>Il desiderio tra intimit\u00e0 e differenziazione: la giusta distanza<\/i>&#8221; con Alessandra Lui<\/p>\n<p>In tempi in cui ci \u00e8 stato imposto di necessit\u00e0 un distanziamento dalle altre persone, ci pu\u00f2 essere capitato di sperimentare quanto importanti siano nello stesso tempo l\u2019autonomia psicologica e la possibilit\u00e0 di sentirsi<br \/>\nvicini alle persone amate.<\/p>\n<a  data-e-Disable-Page-Transition=\"true\" class=\"download-link filetype-icon filetype-pdf\" title=\"\" href=\"https:\/\/www.cptf.it\/it\/download\/9122\/?tmstv=1777440224\" rel=\"nofollow\" id=\"download-link-9122\" data-redirect=\"false\" >\n\twebinar_01.07.2020_lui.pdf\t(361 download\t)\n<\/a>\n\n<p>&nbsp;<\/p>\n<p>&nbsp;<\/p>\n<p>Per partecipare compilare il seguente FORM:<\/p>\n<p><em>Le iscrizioni saranno ammesse fino alle ore 18,00 del giorno dell&#8217;evento<\/em><\/p>\n<p>[\/vc_column_text]\n<div class=\"wpcf7 no-js\" id=\"wpcf7-f8815-o1\" lang=\"it-IT\" dir=\"ltr\" data-wpcf7-id=\"8815\">\n<div class=\"screen-reader-response\"><p role=\"status\" aria-live=\"polite\" aria-atomic=\"true\"><\/p> <ul><\/ul><\/div>\n<form action=\"\/it\/wp-json\/wp\/v2\/posts\/8816#wpcf7-f8815-o1\" method=\"post\" class=\"wpcf7-form init cf7_custom_style_1\" aria-label=\"Modulo di contatto\" novalidate=\"novalidate\" data-status=\"init\">\n<fieldset class=\"hidden-fields-container\"><input type=\"hidden\" name=\"_wpcf7\" value=\"8815\" \/><input type=\"hidden\" name=\"_wpcf7_version\" value=\"6.1.5\" \/><input type=\"hidden\" name=\"_wpcf7_locale\" value=\"it_IT\" \/><input type=\"hidden\" name=\"_wpcf7_unit_tag\" value=\"wpcf7-f8815-o1\" \/><input type=\"hidden\" name=\"_wpcf7_container_post\" value=\"0\" \/><input type=\"hidden\" name=\"_wpcf7_posted_data_hash\" value=\"\" \/><input type=\"hidden\" name=\"_wpcf7_recaptcha_response\" value=\"\" \/>\n<\/fieldset>\n<p><label> Nome e cognome(richiesto)<br \/>\n<span class=\"wpcf7-form-control-wrap\" data-name=\"your-name\"><input size=\"40\" maxlength=\"400\" class=\"wpcf7-form-control wpcf7-text wpcf7-validates-as-required\" aria-required=\"true\" aria-invalid=\"false\" value=\"\" type=\"text\" name=\"your-name\" \/><\/span> <\/label>\n<\/p>\n<p><label> Email (richiesto)<br \/>\n<span class=\"wpcf7-form-control-wrap\" data-name=\"your-email\"><input size=\"40\" maxlength=\"400\" class=\"wpcf7-form-control wpcf7-email wpcf7-validates-as-required wpcf7-text wpcf7-validates-as-email\" aria-required=\"true\" aria-invalid=\"false\" value=\"\" type=\"email\" name=\"your-email\" \/><\/span> <\/label><br \/>\n<label> Telefono (richiesto)<br \/>\n<span class=\"wpcf7-form-control-wrap\" data-name=\"tel-620\"><input size=\"40\" maxlength=\"400\" class=\"wpcf7-form-control wpcf7-tel wpcf7-validates-as-required wpcf7-text wpcf7-validates-as-tel\" aria-required=\"true\" aria-invalid=\"false\" value=\"\" type=\"tel\" name=\"tel-620\" \/><\/span> <\/label>\n<\/p>\n<p><label> Professione (richiesto)<br \/>\n<span class=\"wpcf7-form-control-wrap\" data-name=\"your-professione\"><input size=\"40\" maxlength=\"400\" class=\"wpcf7-form-control wpcf7-text wpcf7-validates-as-required\" aria-required=\"true\" aria-invalid=\"false\" value=\"\" type=\"text\" name=\"your-professione\" \/><\/span> <\/label>\n<\/p>\n<p><label> Specificare data webinar (richiesto)<br \/>\n<span class=\"wpcf7-form-control-wrap\" data-name=\"your-data-webinar\"><input size=\"40\" maxlength=\"400\" class=\"wpcf7-form-control wpcf7-text wpcf7-validates-as-required\" aria-required=\"true\" aria-invalid=\"false\" value=\"\" type=\"text\" name=\"your-data-webinar\" \/><\/span> <\/label><br \/>\n<label> Selezionare Sede interessata (richiesto)<br \/>\n<span class=\"wpcf7-form-control-wrap\" data-name=\"menu-194\"><select class=\"wpcf7-form-control wpcf7-select wpcf7-validates-as-required\" aria-required=\"true\" aria-invalid=\"false\" name=\"menu-194\"><option value=\"\">&#8212;Seleziona un&#039;opzione&#8212;<\/option><option value=\"Padova\">Padova<\/option><option value=\"Trieste\">Trieste<\/option><\/select><\/span> <\/label>\n<\/p>\n<p><label> Richiesta<br \/>\n<span class=\"wpcf7-form-control-wrap\" data-name=\"your-message\"><textarea cols=\"40\" rows=\"10\" maxlength=\"2000\" class=\"wpcf7-form-control wpcf7-textarea\" aria-invalid=\"false\" name=\"your-message\"><\/textarea><\/span> <\/label><br \/>\nDichiaro di aver letto <a href=\"https:\/\/www.cptf.it\/it\/privacy-policy-cptf\/\" target=\"_blank\">l'Informativa privacy<\/a> ed esprimo il mio consenso al trattamento dei dati per le finalit\u00e0 indicate. Sono consapevole e accetto che il webinar sar\u00e0 registrato ed eventualmente diffuso per scopi didattici attraverso i canali a disposizione del CPTF.<br \/>\n<span class=\"wpcf7-form-control-wrap\" data-name=\"acceptance-604\"><span class=\"wpcf7-form-control wpcf7-acceptance\"><span class=\"wpcf7-list-item\"><label><input type=\"checkbox\" name=\"acceptance-604\" value=\"1\" aria-invalid=\"false\" \/><span class=\"wpcf7-list-item-label\">Accetto<\/span><\/label><\/span><\/span><\/span>\n<\/p>\n<p><input class=\"wpcf7-form-control wpcf7-submit has-spinner\" type=\"submit\" value=\"Invia\" \/>\n<\/p><div class=\"wpcf7-response-output\" aria-hidden=\"true\"><\/div>\n<\/form>\n<\/div>\n[\/vc_column][\/vc_row]<\/p>\n<\/div>","protected":false},"excerpt":{"rendered":"<p>Incontri online con esperti del settore per affrontare tematiche utili in questo periodo di emergenza sanitaria. <\/p>\n","protected":false},"author":2,"featured_media":8856,"comment_status":"closed","ping_status":"open","sticky":false,"template":"","format":"standard","meta":{"footnotes":""},"categories":[4],"tags":[],"class_list":["post-8816","post","type-post","status-publish","format-standard","has-post-thumbnail","hentry","category-news"],"yoast_head":"<!-- This site is optimized with the Yoast SEO plugin v27.3 - https:\/\/yoast.com\/product\/yoast-seo-wordpress\/ -->\n<title>Webinar: Spaccato del Sistema... Voci dal Territorio - CPTF<\/title>\n<meta name=\"description\" content=\"Webinar con psicologi, psicoterapeuti ed esperti del settore per affrontare tematiche utili in questo periodo di emergenza sanitaria a causa del Coronavirus\" \/>\n<meta name=\"robots\" content=\"index, follow, max-snippet:-1, max-image-preview:large, max-video-preview:-1\" \/>\n<link rel=\"canonical\" href=\"https:\/\/www.cptf.it\/it\/webinar-spaccato-del-sistema-voci-dal-territorio\/\" \/>\n<meta property=\"og:locale\" content=\"it_IT\" \/>\n<meta property=\"og:type\" content=\"article\" \/>\n<meta property=\"og:title\" content=\"Webinar: Spaccato del Sistema... Voci dal Territorio - CPTF\" \/>\n<meta property=\"og:description\" content=\"Webinar con psicologi, psicoterapeuti ed esperti del settore per affrontare tematiche utili in questo periodo di emergenza sanitaria a causa del Coronavirus\" \/>\n<meta property=\"og:url\" content=\"https:\/\/www.cptf.it\/it\/webinar-spaccato-del-sistema-voci-dal-territorio\/\" \/>\n<meta property=\"og:site_name\" content=\"CPTF\" \/>\n<meta property=\"article:published_time\" content=\"2020-05-08T10:21:05+00:00\" \/>\n<meta property=\"article:modified_time\" content=\"2020-11-25T08:53:20+00:00\" \/>\n<meta property=\"og:image\" content=\"https:\/\/www.cptf.it\/it\/wp-content\/uploads\/webinar-online2020-Spaccato-del-Sistema-Voci-dal-Territorio.jpg\" \/>\n\t<meta property=\"og:image:width\" content=\"1200\" \/>\n\t<meta property=\"og:image:height\" content=\"750\" \/>\n\t<meta property=\"og:image:type\" content=\"image\/jpeg\" \/>\n<meta name=\"author\" content=\"segreteria\" \/>\n<meta name=\"twitter:card\" content=\"summary_large_image\" \/>\n<meta name=\"twitter:label1\" content=\"Scritto da\" \/>\n\t<meta name=\"twitter:data1\" content=\"segreteria\" \/>\n\t<meta name=\"twitter:label2\" content=\"Tempo di lettura stimato\" \/>\n\t<meta name=\"twitter:data2\" content=\"4 minuti\" \/>\n<script type=\"application\/ld+json\" class=\"yoast-schema-graph\">{\"@context\":\"https:\\\/\\\/schema.org\",\"@graph\":[{\"@type\":\"Article\",\"@id\":\"https:\\\/\\\/www.cptf.it\\\/it\\\/webinar-spaccato-del-sistema-voci-dal-territorio\\\/#article\",\"isPartOf\":{\"@id\":\"https:\\\/\\\/www.cptf.it\\\/it\\\/webinar-spaccato-del-sistema-voci-dal-territorio\\\/\"},\"author\":{\"name\":\"segreteria\",\"@id\":\"https:\\\/\\\/www.cptf.it\\\/it\\\/#\\\/schema\\\/person\\\/ab2e5f535a9345c05d1241047a511cea\"},\"headline\":\"Webinar: Spaccato del Sistema&#8230; Voci dal Territorio\",\"datePublished\":\"2020-05-08T10:21:05+00:00\",\"dateModified\":\"2020-11-25T08:53:20+00:00\",\"mainEntityOfPage\":{\"@id\":\"https:\\\/\\\/www.cptf.it\\\/it\\\/webinar-spaccato-del-sistema-voci-dal-territorio\\\/\"},\"wordCount\":783,\"image\":{\"@id\":\"https:\\\/\\\/www.cptf.it\\\/it\\\/webinar-spaccato-del-sistema-voci-dal-territorio\\\/#primaryimage\"},\"thumbnailUrl\":\"https:\\\/\\\/www.cptf.it\\\/it\\\/wp-content\\\/uploads\\\/webinar-online2020-Spaccato-del-Sistema-Voci-dal-Territorio.jpg\",\"articleSection\":[\"News\"],\"inLanguage\":\"it-IT\"},{\"@type\":\"WebPage\",\"@id\":\"https:\\\/\\\/www.cptf.it\\\/it\\\/webinar-spaccato-del-sistema-voci-dal-territorio\\\/\",\"url\":\"https:\\\/\\\/www.cptf.it\\\/it\\\/webinar-spaccato-del-sistema-voci-dal-territorio\\\/\",\"name\":\"Webinar: Spaccato del Sistema... Voci dal Territorio - CPTF\",\"isPartOf\":{\"@id\":\"https:\\\/\\\/www.cptf.it\\\/it\\\/#website\"},\"primaryImageOfPage\":{\"@id\":\"https:\\\/\\\/www.cptf.it\\\/it\\\/webinar-spaccato-del-sistema-voci-dal-territorio\\\/#primaryimage\"},\"image\":{\"@id\":\"https:\\\/\\\/www.cptf.it\\\/it\\\/webinar-spaccato-del-sistema-voci-dal-territorio\\\/#primaryimage\"},\"thumbnailUrl\":\"https:\\\/\\\/www.cptf.it\\\/it\\\/wp-content\\\/uploads\\\/webinar-online2020-Spaccato-del-Sistema-Voci-dal-Territorio.jpg\",\"datePublished\":\"2020-05-08T10:21:05+00:00\",\"dateModified\":\"2020-11-25T08:53:20+00:00\",\"author\":{\"@id\":\"https:\\\/\\\/www.cptf.it\\\/it\\\/#\\\/schema\\\/person\\\/ab2e5f535a9345c05d1241047a511cea\"},\"description\":\"Webinar con psicologi, psicoterapeuti ed esperti del settore per affrontare tematiche utili in questo periodo di emergenza sanitaria a causa del Coronavirus\",\"breadcrumb\":{\"@id\":\"https:\\\/\\\/www.cptf.it\\\/it\\\/webinar-spaccato-del-sistema-voci-dal-territorio\\\/#breadcrumb\"},\"inLanguage\":\"it-IT\",\"potentialAction\":[{\"@type\":\"ReadAction\",\"target\":[\"https:\\\/\\\/www.cptf.it\\\/it\\\/webinar-spaccato-del-sistema-voci-dal-territorio\\\/\"]}]},{\"@type\":\"ImageObject\",\"inLanguage\":\"it-IT\",\"@id\":\"https:\\\/\\\/www.cptf.it\\\/it\\\/webinar-spaccato-del-sistema-voci-dal-territorio\\\/#primaryimage\",\"url\":\"https:\\\/\\\/www.cptf.it\\\/it\\\/wp-content\\\/uploads\\\/webinar-online2020-Spaccato-del-Sistema-Voci-dal-Territorio.jpg\",\"contentUrl\":\"https:\\\/\\\/www.cptf.it\\\/it\\\/wp-content\\\/uploads\\\/webinar-online2020-Spaccato-del-Sistema-Voci-dal-Territorio.jpg\",\"width\":1200,\"height\":750},{\"@type\":\"BreadcrumbList\",\"@id\":\"https:\\\/\\\/www.cptf.it\\\/it\\\/webinar-spaccato-del-sistema-voci-dal-territorio\\\/#breadcrumb\",\"itemListElement\":[{\"@type\":\"ListItem\",\"position\":1,\"name\":\"Home\",\"item\":\"https:\\\/\\\/www.cptf.it\\\/it\\\/\"},{\"@type\":\"ListItem\",\"position\":2,\"name\":\"Webinar: Spaccato del Sistema&#8230; Voci dal Territorio\"}]},{\"@type\":\"WebSite\",\"@id\":\"https:\\\/\\\/www.cptf.it\\\/it\\\/#website\",\"url\":\"https:\\\/\\\/www.cptf.it\\\/it\\\/\",\"name\":\"CPTF\",\"description\":\"Centro Padovano di Terapia della famiglia\",\"potentialAction\":[{\"@type\":\"SearchAction\",\"target\":{\"@type\":\"EntryPoint\",\"urlTemplate\":\"https:\\\/\\\/www.cptf.it\\\/it\\\/?s={search_term_string}\"},\"query-input\":{\"@type\":\"PropertyValueSpecification\",\"valueRequired\":true,\"valueName\":\"search_term_string\"}}],\"inLanguage\":\"it-IT\"},{\"@type\":\"Person\",\"@id\":\"https:\\\/\\\/www.cptf.it\\\/it\\\/#\\\/schema\\\/person\\\/ab2e5f535a9345c05d1241047a511cea\",\"name\":\"segreteria\",\"image\":{\"@type\":\"ImageObject\",\"inLanguage\":\"it-IT\",\"@id\":\"https:\\\/\\\/secure.gravatar.com\\\/avatar\\\/f198598e8ef622c0b575e2407a7e39db9f0cb55feaa0c13ffa181dff49e8064c?s=96&d=mm&r=g\",\"url\":\"https:\\\/\\\/secure.gravatar.com\\\/avatar\\\/f198598e8ef622c0b575e2407a7e39db9f0cb55feaa0c13ffa181dff49e8064c?s=96&d=mm&r=g\",\"contentUrl\":\"https:\\\/\\\/secure.gravatar.com\\\/avatar\\\/f198598e8ef622c0b575e2407a7e39db9f0cb55feaa0c13ffa181dff49e8064c?s=96&d=mm&r=g\",\"caption\":\"segreteria\"},\"url\":\"https:\\\/\\\/www.cptf.it\\\/it\\\/author\\\/segreteria\\\/\"}]}<\/script>\n<!-- \/ Yoast SEO plugin. -->","yoast_head_json":{"title":"Webinar: Spaccato del Sistema... Voci dal Territorio - CPTF","description":"Webinar con psicologi, psicoterapeuti ed esperti del settore per affrontare tematiche utili in questo periodo di emergenza sanitaria a causa del Coronavirus","robots":{"index":"index","follow":"follow","max-snippet":"max-snippet:-1","max-image-preview":"max-image-preview:large","max-video-preview":"max-video-preview:-1"},"canonical":"https:\/\/www.cptf.it\/it\/webinar-spaccato-del-sistema-voci-dal-territorio\/","og_locale":"it_IT","og_type":"article","og_title":"Webinar: Spaccato del Sistema... Voci dal Territorio - CPTF","og_description":"Webinar con psicologi, psicoterapeuti ed esperti del settore per affrontare tematiche utili in questo periodo di emergenza sanitaria a causa del Coronavirus","og_url":"https:\/\/www.cptf.it\/it\/webinar-spaccato-del-sistema-voci-dal-territorio\/","og_site_name":"CPTF","article_published_time":"2020-05-08T10:21:05+00:00","article_modified_time":"2020-11-25T08:53:20+00:00","og_image":[{"width":1200,"height":750,"url":"https:\/\/www.cptf.it\/it\/wp-content\/uploads\/webinar-online2020-Spaccato-del-Sistema-Voci-dal-Territorio.jpg","type":"image\/jpeg"}],"author":"segreteria","twitter_card":"summary_large_image","twitter_misc":{"Scritto da":"segreteria","Tempo di lettura stimato":"4 minuti"},"schema":{"@context":"https:\/\/schema.org","@graph":[{"@type":"Article","@id":"https:\/\/www.cptf.it\/it\/webinar-spaccato-del-sistema-voci-dal-territorio\/#article","isPartOf":{"@id":"https:\/\/www.cptf.it\/it\/webinar-spaccato-del-sistema-voci-dal-territorio\/"},"author":{"name":"segreteria","@id":"https:\/\/www.cptf.it\/it\/#\/schema\/person\/ab2e5f535a9345c05d1241047a511cea"},"headline":"Webinar: Spaccato del Sistema&#8230; Voci dal Territorio","datePublished":"2020-05-08T10:21:05+00:00","dateModified":"2020-11-25T08:53:20+00:00","mainEntityOfPage":{"@id":"https:\/\/www.cptf.it\/it\/webinar-spaccato-del-sistema-voci-dal-territorio\/"},"wordCount":783,"image":{"@id":"https:\/\/www.cptf.it\/it\/webinar-spaccato-del-sistema-voci-dal-territorio\/#primaryimage"},"thumbnailUrl":"https:\/\/www.cptf.it\/it\/wp-content\/uploads\/webinar-online2020-Spaccato-del-Sistema-Voci-dal-Territorio.jpg","articleSection":["News"],"inLanguage":"it-IT"},{"@type":"WebPage","@id":"https:\/\/www.cptf.it\/it\/webinar-spaccato-del-sistema-voci-dal-territorio\/","url":"https:\/\/www.cptf.it\/it\/webinar-spaccato-del-sistema-voci-dal-territorio\/","name":"Webinar: Spaccato del Sistema... Voci dal Territorio - CPTF","isPartOf":{"@id":"https:\/\/www.cptf.it\/it\/#website"},"primaryImageOfPage":{"@id":"https:\/\/www.cptf.it\/it\/webinar-spaccato-del-sistema-voci-dal-territorio\/#primaryimage"},"image":{"@id":"https:\/\/www.cptf.it\/it\/webinar-spaccato-del-sistema-voci-dal-territorio\/#primaryimage"},"thumbnailUrl":"https:\/\/www.cptf.it\/it\/wp-content\/uploads\/webinar-online2020-Spaccato-del-Sistema-Voci-dal-Territorio.jpg","datePublished":"2020-05-08T10:21:05+00:00","dateModified":"2020-11-25T08:53:20+00:00","author":{"@id":"https:\/\/www.cptf.it\/it\/#\/schema\/person\/ab2e5f535a9345c05d1241047a511cea"},"description":"Webinar con psicologi, psicoterapeuti ed esperti del settore per affrontare tematiche utili in questo periodo di emergenza sanitaria a causa del Coronavirus","breadcrumb":{"@id":"https:\/\/www.cptf.it\/it\/webinar-spaccato-del-sistema-voci-dal-territorio\/#breadcrumb"},"inLanguage":"it-IT","potentialAction":[{"@type":"ReadAction","target":["https:\/\/www.cptf.it\/it\/webinar-spaccato-del-sistema-voci-dal-territorio\/"]}]},{"@type":"ImageObject","inLanguage":"it-IT","@id":"https:\/\/www.cptf.it\/it\/webinar-spaccato-del-sistema-voci-dal-territorio\/#primaryimage","url":"https:\/\/www.cptf.it\/it\/wp-content\/uploads\/webinar-online2020-Spaccato-del-Sistema-Voci-dal-Territorio.jpg","contentUrl":"https:\/\/www.cptf.it\/it\/wp-content\/uploads\/webinar-online2020-Spaccato-del-Sistema-Voci-dal-Territorio.jpg","width":1200,"height":750},{"@type":"BreadcrumbList","@id":"https:\/\/www.cptf.it\/it\/webinar-spaccato-del-sistema-voci-dal-territorio\/#breadcrumb","itemListElement":[{"@type":"ListItem","position":1,"name":"Home","item":"https:\/\/www.cptf.it\/it\/"},{"@type":"ListItem","position":2,"name":"Webinar: Spaccato del Sistema&#8230; Voci dal Territorio"}]},{"@type":"WebSite","@id":"https:\/\/www.cptf.it\/it\/#website","url":"https:\/\/www.cptf.it\/it\/","name":"CPTF","description":"Centro Padovano di Terapia della famiglia","potentialAction":[{"@type":"SearchAction","target":{"@type":"EntryPoint","urlTemplate":"https:\/\/www.cptf.it\/it\/?s={search_term_string}"},"query-input":{"@type":"PropertyValueSpecification","valueRequired":true,"valueName":"search_term_string"}}],"inLanguage":"it-IT"},{"@type":"Person","@id":"https:\/\/www.cptf.it\/it\/#\/schema\/person\/ab2e5f535a9345c05d1241047a511cea","name":"segreteria","image":{"@type":"ImageObject","inLanguage":"it-IT","@id":"https:\/\/secure.gravatar.com\/avatar\/f198598e8ef622c0b575e2407a7e39db9f0cb55feaa0c13ffa181dff49e8064c?s=96&d=mm&r=g","url":"https:\/\/secure.gravatar.com\/avatar\/f198598e8ef622c0b575e2407a7e39db9f0cb55feaa0c13ffa181dff49e8064c?s=96&d=mm&r=g","contentUrl":"https:\/\/secure.gravatar.com\/avatar\/f198598e8ef622c0b575e2407a7e39db9f0cb55feaa0c13ffa181dff49e8064c?s=96&d=mm&r=g","caption":"segreteria"},"url":"https:\/\/www.cptf.it\/it\/author\/segreteria\/"}]}},"_links":{"self":[{"href":"https:\/\/www.cptf.it\/it\/wp-json\/wp\/v2\/posts\/8816","targetHints":{"allow":["GET"]}}],"collection":[{"href":"https:\/\/www.cptf.it\/it\/wp-json\/wp\/v2\/posts"}],"about":[{"href":"https:\/\/www.cptf.it\/it\/wp-json\/wp\/v2\/types\/post"}],"author":[{"embeddable":true,"href":"https:\/\/www.cptf.it\/it\/wp-json\/wp\/v2\/users\/2"}],"replies":[{"embeddable":true,"href":"https:\/\/www.cptf.it\/it\/wp-json\/wp\/v2\/comments?post=8816"}],"version-history":[{"count":42,"href":"https:\/\/www.cptf.it\/it\/wp-json\/wp\/v2\/posts\/8816\/revisions"}],"predecessor-version":[{"id":9440,"href":"https:\/\/www.cptf.it\/it\/wp-json\/wp\/v2\/posts\/8816\/revisions\/9440"}],"wp:featuredmedia":[{"embeddable":true,"href":"https:\/\/www.cptf.it\/it\/wp-json\/wp\/v2\/media\/8856"}],"wp:attachment":[{"href":"https:\/\/www.cptf.it\/it\/wp-json\/wp\/v2\/media?parent=8816"}],"wp:term":[{"taxonomy":"category","embeddable":true,"href":"https:\/\/www.cptf.it\/it\/wp-json\/wp\/v2\/categories?post=8816"},{"taxonomy":"post_tag","embeddable":true,"href":"https:\/\/www.cptf.it\/it\/wp-json\/wp\/v2\/tags?post=8816"}],"curies":[{"name":"wp","href":"https:\/\/api.w.org\/{rel}","templated":true}]}}