{"id":9588,"date":"2021-06-21T16:52:20","date_gmt":"2021-06-21T15:52:20","guid":{"rendered":"https:\/\/www.cptf.it\/it\/?p=9588"},"modified":"2021-10-12T13:41:51","modified_gmt":"2021-10-12T12:41:51","slug":"online-dialoghi-con-lautore-2021","status":"publish","type":"post","link":"https:\/\/www.cptf.it\/it\/online-dialoghi-con-lautore-2021\/","title":{"rendered":"Online: Dialoghi con l&#8217;autore &#8211; prossimo incontro 6 ottobre 2021"},"content":{"rendered":"<div class=\"wpb-content-wrapper\"><p>[vc_row css_animation=&#8221;&#8221; row_type=&#8221;row&#8221; use_row_as_full_screen_section=&#8221;no&#8221; type=&#8221;full_width&#8221; angled_section=&#8221;no&#8221; text_align=&#8221;left&#8221; background_image_as_pattern=&#8221;without_pattern&#8221;][vc_column][vc_column_text]<\/p>\n<h3 style=\"text-align: center;\"><span style=\"color: #000080;\">Dialoghi con l&#8217;autore 2021<\/span><\/h3>\n<p>&nbsp;<\/p>\n<h4>&#8220;Primi Amori&#8221;<br \/>\nUmberta Telfener<\/h4>\n<p><span data-type=\"normal\"  class=\"qode_icon_shortcode  q_font_awsome_icon fa-2x  \" style=\" \"><i class=\"qode_icon_font_awesome fa fa-check qode_icon_element\" style=\"\" ><\/i><\/span><span style=\"color: #003366;\"><b>Mercoled\u00ec 6 ottobre h. 18,30 &#8211; 20,00<\/b><\/span><\/p>\n<p>Il primo amore \u00e8 un mito ormai tramontato oppure \u00e8 ancora un momento denso di significato, anche per le nuove generazioni che sembrano fuggire dalle relazioni? Quanto \u00e8 cambiato negli ultimi anni? A partire da queste domande, Umberta Telfener dispiega davanti ai nostri occhi il romanzo corale del primo amore in cui tutti siamo protagonisti, autori e spettatori.<\/p>\n<a  data-e-Disable-Page-Transition=\"true\" class=\"download-link filetype-icon filetype-pdf\" title=\"\" href=\"https:\/\/www.cptf.it\/it\/download\/11266\/?tmstv=1777439907\" rel=\"nofollow\" id=\"download-link-11266\" data-redirect=\"false\" >\n\tPresentazione-Libro-TELFENER.pdf\t(545 download\t)\n<\/a>\n\n<p>&nbsp;<\/p>\n<h4>&#8220;La violenza di genere in adolescenza&#8221;<br \/>\nLucia Beltramini<\/h4>\n<p><span data-type=\"normal\"  class=\"qode_icon_shortcode  q_font_awsome_icon fa-2x  \" style=\" \"><i class=\"qode_icon_font_awesome fa fa-check qode_icon_element\" style=\"\" ><\/i><\/span><span style=\"color: #003366;\"><b>Venerd\u00ec 14 maggio h. 18,30 &#8211; 20,00<\/b><\/span><\/p>\n<p>Cosa succede quando la violenza entra nella vita di un\/a adolescente? Come riconoscerla e quali strumenti preventivi adottare? Il libro si rivolge ai professionisti\/e che lavorano con ragazzi\/e a scuola o in altri contesti educativi, con un duplice obiettivo. Da una parte, fornire agli operatori una solida base teorica sulle tipologie di violenza, le dinamiche che la caratterizzano e l&#8217;impatto di tali esperienze su salute, comportamenti e relazioni dei giovani. Dall&#8217;altra, offrire strumenti pratico-operativi utili per pensare a realizzare interventi di prevenzione con gli\/le adolescenti.<\/p>\n<a  data-e-Disable-Page-Transition=\"true\" class=\"download-link filetype-icon filetype-pdf\" title=\"\" href=\"https:\/\/www.cptf.it\/it\/download\/9956\/?tmstv=1777439907\" rel=\"nofollow\" id=\"download-link-9956\" data-redirect=\"false\" >\n\tPresentazione-Libro-beltramini.pdf\t(549 download\t)\n<\/a>\n\n<p>[vc_video link=&#8217;https:\/\/youtu.be\/WmJQHQQ3AtE&#8217;]<\/p>\n<p>&nbsp;<\/p>\n<p>&nbsp;<\/p>\n<h4>&#8220;Sul bordo del caos&#8221;<br \/>\nMaurizio Frisina<\/h4>\n<p><span data-type=\"normal\"  class=\"qode_icon_shortcode  q_font_awsome_icon fa-2x  \" style=\" \"><i class=\"qode_icon_font_awesome fa fa-check qode_icon_element\" style=\"\" ><\/i><\/span><span style=\"color: #003366;\"><b>Mercoled\u00ec 21 aprile h. 18,30 &#8211; 20,00<\/b><\/span><\/p>\n<p>La clinica delle dipendenze \u00e8 una pratica complessa, appassionante, faticosa. Ma \u00e8 anche molto pi\u00f9 di tutto questo: \u00e8 il confronto \u2013 a volte brutale \u2013 con questioni comuni a ogni essere umano. Come ci ritroviamo imprigionati in comportamenti, posizioni relazionali e narrazioni da cui non riusciamo pi\u00f9 a uscire? E, pi\u00f9 profondamente, come attraversiamo le fasi di cambiamento della nostra vita e le parentesi di instabilit\u00e0 che ne conseguono? Questo libro, frutto di diversi anni di esperienza sul campo e di insegnamento, propone delle mappe innovative per orientarsi nel paesaggio delle dipendenze. La teoria del caos, la terapia narrativa, la teoria dei sistemi complessi e una visione ricorsiva del tempo sono il filo rosso che guider\u00e0 il passaggio dalla teoria alla pratica, dalla classificazione ai modelli di intervento, dall\u2019epistemologia ai numerosi casi clinici.<\/p>\n<a  data-e-Disable-Page-Transition=\"true\" class=\"download-link filetype-icon filetype-pdf\" title=\"\" href=\"https:\/\/www.cptf.it\/it\/download\/9917\/?tmstv=1777439907\" rel=\"nofollow\" id=\"download-link-9917\" data-redirect=\"false\" >\n\tPresentazione-Libro-FRISINA.pdf\t(525 download\t)\n<\/a>\n\n<p>[vc_video link=&#8217;https:\/\/www.youtube.com\/watch?v=hgesjJtvfSQ&#8217;]<\/p>\n<p>&nbsp;<\/p>\n<h4>&#8220;Le competenze psicoterapeutiche&#8221;<br \/>\nLaura Fruggeri, Francesca Balestra, Elena Venturelli<\/h4>\n<p><span data-type=\"normal\"  class=\"qode_icon_shortcode  q_font_awsome_icon fa-2x  \" style=\" \"><i class=\"qode_icon_font_awesome fa fa-check qode_icon_element\" style=\"\" ><\/i><\/span><span style=\"color: #003366;\"><b> Mercoled\u00ec 10 febbraio h. 18,30 &#8211; 20,00<\/b><\/span><\/p>\n<p>A partire da un\u2019impostazione sistemico costruzionista, le autrici danno spessore teorico e applicativo ai dati di ricerca offerti dalla letteratura sui fattori comuni ed evidenziano una serie di competenze, alcune trasversali ai modelli, altre specifiche dell\u2019approccio sistemico, che possono aiutare il clinico nella gestione del processo terapeutico.<\/p>\n<a  data-e-Disable-Page-Transition=\"true\" class=\"download-link filetype-icon filetype-pdf\" title=\"\" href=\"https:\/\/www.cptf.it\/it\/download\/9590\/?tmstv=1777439907\" rel=\"nofollow\" id=\"download-link-9590\" data-redirect=\"false\" >\n\tPresentazione-Libro-BOLOGNA.pdf\t(575 download\t)\n<\/a>\n\n<p>[vc_video link=&#8217;https:\/\/www.youtube.com\/watch?v=SAxA3Gvjxp4&#8242;][\/vc_column_text][\/vc_column][\/vc_row][vc_row css_animation=&#8221;&#8221; row_type=&#8221;row&#8221; use_row_as_full_screen_section=&#8221;no&#8221; type=&#8221;full_width&#8221; angled_section=&#8221;no&#8221; text_align=&#8221;left&#8221; background_image_as_pattern=&#8221;without_pattern&#8221;][vc_column][vc_empty_space][vc_column_text]Per iscrizioni compilare il seguente form[\/vc_column_text][vc_empty_space]\n<div class=\"wpcf7 no-js\" id=\"wpcf7-f8815-o1\" lang=\"it-IT\" dir=\"ltr\" data-wpcf7-id=\"8815\">\n<div class=\"screen-reader-response\"><p role=\"status\" aria-live=\"polite\" aria-atomic=\"true\"><\/p> <ul><\/ul><\/div>\n<form action=\"\/it\/wp-json\/wp\/v2\/posts\/9588#wpcf7-f8815-o1\" method=\"post\" class=\"wpcf7-form init default\" aria-label=\"Modulo di contatto\" novalidate=\"novalidate\" data-status=\"init\">\n<fieldset class=\"hidden-fields-container\"><input type=\"hidden\" name=\"_wpcf7\" value=\"8815\" \/><input type=\"hidden\" name=\"_wpcf7_version\" value=\"6.1.5\" \/><input type=\"hidden\" name=\"_wpcf7_locale\" value=\"it_IT\" \/><input type=\"hidden\" name=\"_wpcf7_unit_tag\" value=\"wpcf7-f8815-o1\" \/><input type=\"hidden\" name=\"_wpcf7_container_post\" value=\"0\" \/><input type=\"hidden\" name=\"_wpcf7_posted_data_hash\" value=\"\" \/><input type=\"hidden\" name=\"_wpcf7_recaptcha_response\" value=\"\" \/>\n<\/fieldset>\n<p><label> Nome e cognome(richiesto)<br \/>\n<span class=\"wpcf7-form-control-wrap\" data-name=\"your-name\"><input size=\"40\" maxlength=\"400\" class=\"wpcf7-form-control wpcf7-text wpcf7-validates-as-required\" aria-required=\"true\" aria-invalid=\"false\" value=\"\" type=\"text\" name=\"your-name\" \/><\/span> <\/label>\n<\/p>\n<p><label> Email (richiesto)<br \/>\n<span class=\"wpcf7-form-control-wrap\" data-name=\"your-email\"><input size=\"40\" maxlength=\"400\" class=\"wpcf7-form-control wpcf7-email wpcf7-validates-as-required wpcf7-text wpcf7-validates-as-email\" aria-required=\"true\" aria-invalid=\"false\" value=\"\" type=\"email\" name=\"your-email\" \/><\/span> <\/label><br \/>\n<label> Telefono (richiesto)<br \/>\n<span class=\"wpcf7-form-control-wrap\" data-name=\"tel-620\"><input size=\"40\" maxlength=\"400\" class=\"wpcf7-form-control wpcf7-tel wpcf7-validates-as-required wpcf7-text wpcf7-validates-as-tel\" aria-required=\"true\" aria-invalid=\"false\" value=\"\" type=\"tel\" name=\"tel-620\" \/><\/span> <\/label>\n<\/p>\n<p><label> Professione (richiesto)<br \/>\n<span class=\"wpcf7-form-control-wrap\" data-name=\"your-professione\"><input size=\"40\" maxlength=\"400\" class=\"wpcf7-form-control wpcf7-text wpcf7-validates-as-required\" aria-required=\"true\" aria-invalid=\"false\" value=\"\" type=\"text\" name=\"your-professione\" \/><\/span> <\/label>\n<\/p>\n<p><label> Specificare data webinar (richiesto)<br \/>\n<span class=\"wpcf7-form-control-wrap\" data-name=\"your-data-webinar\"><input size=\"40\" maxlength=\"400\" class=\"wpcf7-form-control wpcf7-text wpcf7-validates-as-required\" aria-required=\"true\" aria-invalid=\"false\" value=\"\" type=\"text\" name=\"your-data-webinar\" \/><\/span> <\/label><br \/>\n<label> Selezionare Sede interessata (richiesto)<br \/>\n<span class=\"wpcf7-form-control-wrap\" data-name=\"menu-194\"><select class=\"wpcf7-form-control wpcf7-select wpcf7-validates-as-required\" aria-required=\"true\" aria-invalid=\"false\" name=\"menu-194\"><option value=\"\">&#8212;Seleziona un&#039;opzione&#8212;<\/option><option value=\"Padova\">Padova<\/option><option value=\"Trieste\">Trieste<\/option><\/select><\/span> <\/label>\n<\/p>\n<p><label> Richiesta<br \/>\n<span class=\"wpcf7-form-control-wrap\" data-name=\"your-message\"><textarea cols=\"40\" rows=\"10\" maxlength=\"2000\" class=\"wpcf7-form-control wpcf7-textarea\" aria-invalid=\"false\" name=\"your-message\"><\/textarea><\/span> <\/label><br \/>\nDichiaro di aver letto <a href=\"https:\/\/www.cptf.it\/it\/privacy-policy-cptf\/\" target=\"_blank\">l'Informativa privacy<\/a> ed esprimo il mio consenso al trattamento dei dati per le finalit\u00e0 indicate. Sono consapevole e accetto che il webinar sar\u00e0 registrato ed eventualmente diffuso per scopi didattici attraverso i canali a disposizione del CPTF.<br \/>\n<span class=\"wpcf7-form-control-wrap\" data-name=\"acceptance-604\"><span class=\"wpcf7-form-control wpcf7-acceptance\"><span class=\"wpcf7-list-item\"><label><input type=\"checkbox\" name=\"acceptance-604\" value=\"1\" aria-invalid=\"false\" \/><span class=\"wpcf7-list-item-label\">Accetto<\/span><\/label><\/span><\/span><\/span>\n<\/p>\n<p><input class=\"wpcf7-form-control wpcf7-submit has-spinner\" type=\"submit\" value=\"Invia\" \/>\n<\/p><div class=\"wpcf7-response-output\" aria-hidden=\"true\"><\/div>\n<\/form>\n<\/div>\n[\/vc_column][\/vc_row]<\/p>\n<\/div>","protected":false},"excerpt":{"rendered":"<p>Webinar online con la presentazione del libro e dialogo con l&#8217;Autore<\/p>\n","protected":false},"author":2,"featured_media":10451,"comment_status":"closed","ping_status":"open","sticky":false,"template":"","format":"standard","meta":{"footnotes":""},"categories":[4],"tags":[],"class_list":["post-9588","post","type-post","status-publish","format-standard","has-post-thumbnail","hentry","category-news"],"yoast_head":"<!-- This site is optimized with the Yoast SEO plugin v27.3 - https:\/\/yoast.com\/product\/yoast-seo-wordpress\/ -->\n<title>Online: Dialoghi con l&#039;autore - prossimo incontro 6 ottobre 2021 - CPTF<\/title>\n<meta name=\"description\" content=\"Presentazione del Libro e discussione con l&#039;autore\" \/>\n<meta name=\"robots\" content=\"index, follow, max-snippet:-1, max-image-preview:large, max-video-preview:-1\" \/>\n<link rel=\"canonical\" href=\"https:\/\/www.cptf.it\/it\/online-dialoghi-con-lautore-2021\/\" \/>\n<meta property=\"og:locale\" content=\"it_IT\" \/>\n<meta property=\"og:type\" content=\"article\" \/>\n<meta property=\"og:title\" content=\"Online: Dialoghi con l&#039;autore - prossimo incontro 6 ottobre 2021 - CPTF\" \/>\n<meta property=\"og:description\" content=\"Presentazione del Libro e discussione con l&#039;autore\" \/>\n<meta property=\"og:url\" content=\"https:\/\/www.cptf.it\/it\/online-dialoghi-con-lautore-2021\/\" \/>\n<meta property=\"og:site_name\" content=\"CPTF\" \/>\n<meta property=\"article:published_time\" content=\"2021-06-21T15:52:20+00:00\" \/>\n<meta property=\"article:modified_time\" content=\"2021-10-12T12:41:51+00:00\" \/>\n<meta property=\"og:image\" content=\"https:\/\/www.cptf.it\/it\/wp-content\/uploads\/Dialoghiconautore_Telfener.jpg\" \/>\n\t<meta property=\"og:image:width\" content=\"1280\" \/>\n\t<meta property=\"og:image:height\" content=\"800\" \/>\n\t<meta property=\"og:image:type\" content=\"image\/jpeg\" \/>\n<meta name=\"author\" content=\"segreteria\" \/>\n<meta name=\"twitter:card\" content=\"summary_large_image\" \/>\n<meta name=\"twitter:label1\" content=\"Scritto da\" \/>\n\t<meta name=\"twitter:data1\" content=\"segreteria\" \/>\n\t<meta name=\"twitter:label2\" content=\"Tempo di lettura stimato\" \/>\n\t<meta name=\"twitter:data2\" content=\"3 minuti\" \/>\n<script type=\"application\/ld+json\" class=\"yoast-schema-graph\">{\"@context\":\"https:\\\/\\\/schema.org\",\"@graph\":[{\"@type\":\"Article\",\"@id\":\"https:\\\/\\\/www.cptf.it\\\/it\\\/online-dialoghi-con-lautore-2021\\\/#article\",\"isPartOf\":{\"@id\":\"https:\\\/\\\/www.cptf.it\\\/it\\\/online-dialoghi-con-lautore-2021\\\/\"},\"author\":{\"name\":\"segreteria\",\"@id\":\"https:\\\/\\\/www.cptf.it\\\/it\\\/#\\\/schema\\\/person\\\/ab2e5f535a9345c05d1241047a511cea\"},\"headline\":\"Online: Dialoghi con l&#8217;autore &#8211; prossimo incontro 6 ottobre 2021\",\"datePublished\":\"2021-06-21T15:52:20+00:00\",\"dateModified\":\"2021-10-12T12:41:51+00:00\",\"mainEntityOfPage\":{\"@id\":\"https:\\\/\\\/www.cptf.it\\\/it\\\/online-dialoghi-con-lautore-2021\\\/\"},\"wordCount\":642,\"image\":{\"@id\":\"https:\\\/\\\/www.cptf.it\\\/it\\\/online-dialoghi-con-lautore-2021\\\/#primaryimage\"},\"thumbnailUrl\":\"https:\\\/\\\/www.cptf.it\\\/it\\\/wp-content\\\/uploads\\\/Dialoghiconautore_Telfener.jpg\",\"articleSection\":[\"News\"],\"inLanguage\":\"it-IT\"},{\"@type\":\"WebPage\",\"@id\":\"https:\\\/\\\/www.cptf.it\\\/it\\\/online-dialoghi-con-lautore-2021\\\/\",\"url\":\"https:\\\/\\\/www.cptf.it\\\/it\\\/online-dialoghi-con-lautore-2021\\\/\",\"name\":\"Online: Dialoghi con l'autore - prossimo incontro 6 ottobre 2021 - CPTF\",\"isPartOf\":{\"@id\":\"https:\\\/\\\/www.cptf.it\\\/it\\\/#website\"},\"primaryImageOfPage\":{\"@id\":\"https:\\\/\\\/www.cptf.it\\\/it\\\/online-dialoghi-con-lautore-2021\\\/#primaryimage\"},\"image\":{\"@id\":\"https:\\\/\\\/www.cptf.it\\\/it\\\/online-dialoghi-con-lautore-2021\\\/#primaryimage\"},\"thumbnailUrl\":\"https:\\\/\\\/www.cptf.it\\\/it\\\/wp-content\\\/uploads\\\/Dialoghiconautore_Telfener.jpg\",\"datePublished\":\"2021-06-21T15:52:20+00:00\",\"dateModified\":\"2021-10-12T12:41:51+00:00\",\"author\":{\"@id\":\"https:\\\/\\\/www.cptf.it\\\/it\\\/#\\\/schema\\\/person\\\/ab2e5f535a9345c05d1241047a511cea\"},\"description\":\"Presentazione del Libro e discussione con l'autore\",\"breadcrumb\":{\"@id\":\"https:\\\/\\\/www.cptf.it\\\/it\\\/online-dialoghi-con-lautore-2021\\\/#breadcrumb\"},\"inLanguage\":\"it-IT\",\"potentialAction\":[{\"@type\":\"ReadAction\",\"target\":[\"https:\\\/\\\/www.cptf.it\\\/it\\\/online-dialoghi-con-lautore-2021\\\/\"]}]},{\"@type\":\"ImageObject\",\"inLanguage\":\"it-IT\",\"@id\":\"https:\\\/\\\/www.cptf.it\\\/it\\\/online-dialoghi-con-lautore-2021\\\/#primaryimage\",\"url\":\"https:\\\/\\\/www.cptf.it\\\/it\\\/wp-content\\\/uploads\\\/Dialoghiconautore_Telfener.jpg\",\"contentUrl\":\"https:\\\/\\\/www.cptf.it\\\/it\\\/wp-content\\\/uploads\\\/Dialoghiconautore_Telfener.jpg\",\"width\":1280,\"height\":800},{\"@type\":\"BreadcrumbList\",\"@id\":\"https:\\\/\\\/www.cptf.it\\\/it\\\/online-dialoghi-con-lautore-2021\\\/#breadcrumb\",\"itemListElement\":[{\"@type\":\"ListItem\",\"position\":1,\"name\":\"Home\",\"item\":\"https:\\\/\\\/www.cptf.it\\\/it\\\/\"},{\"@type\":\"ListItem\",\"position\":2,\"name\":\"Online: Dialoghi con l&#8217;autore &#8211; prossimo incontro 6 ottobre 2021\"}]},{\"@type\":\"WebSite\",\"@id\":\"https:\\\/\\\/www.cptf.it\\\/it\\\/#website\",\"url\":\"https:\\\/\\\/www.cptf.it\\\/it\\\/\",\"name\":\"CPTF\",\"description\":\"Centro Padovano di Terapia della famiglia\",\"potentialAction\":[{\"@type\":\"SearchAction\",\"target\":{\"@type\":\"EntryPoint\",\"urlTemplate\":\"https:\\\/\\\/www.cptf.it\\\/it\\\/?s={search_term_string}\"},\"query-input\":{\"@type\":\"PropertyValueSpecification\",\"valueRequired\":true,\"valueName\":\"search_term_string\"}}],\"inLanguage\":\"it-IT\"},{\"@type\":\"Person\",\"@id\":\"https:\\\/\\\/www.cptf.it\\\/it\\\/#\\\/schema\\\/person\\\/ab2e5f535a9345c05d1241047a511cea\",\"name\":\"segreteria\",\"image\":{\"@type\":\"ImageObject\",\"inLanguage\":\"it-IT\",\"@id\":\"https:\\\/\\\/secure.gravatar.com\\\/avatar\\\/f198598e8ef622c0b575e2407a7e39db9f0cb55feaa0c13ffa181dff49e8064c?s=96&d=mm&r=g\",\"url\":\"https:\\\/\\\/secure.gravatar.com\\\/avatar\\\/f198598e8ef622c0b575e2407a7e39db9f0cb55feaa0c13ffa181dff49e8064c?s=96&d=mm&r=g\",\"contentUrl\":\"https:\\\/\\\/secure.gravatar.com\\\/avatar\\\/f198598e8ef622c0b575e2407a7e39db9f0cb55feaa0c13ffa181dff49e8064c?s=96&d=mm&r=g\",\"caption\":\"segreteria\"},\"url\":\"https:\\\/\\\/www.cptf.it\\\/it\\\/author\\\/segreteria\\\/\"}]}<\/script>\n<!-- \/ Yoast SEO plugin. -->","yoast_head_json":{"title":"Online: Dialoghi con l'autore - prossimo incontro 6 ottobre 2021 - CPTF","description":"Presentazione del Libro e discussione con l'autore","robots":{"index":"index","follow":"follow","max-snippet":"max-snippet:-1","max-image-preview":"max-image-preview:large","max-video-preview":"max-video-preview:-1"},"canonical":"https:\/\/www.cptf.it\/it\/online-dialoghi-con-lautore-2021\/","og_locale":"it_IT","og_type":"article","og_title":"Online: Dialoghi con l'autore - prossimo incontro 6 ottobre 2021 - CPTF","og_description":"Presentazione del Libro e discussione con l'autore","og_url":"https:\/\/www.cptf.it\/it\/online-dialoghi-con-lautore-2021\/","og_site_name":"CPTF","article_published_time":"2021-06-21T15:52:20+00:00","article_modified_time":"2021-10-12T12:41:51+00:00","og_image":[{"width":1280,"height":800,"url":"https:\/\/www.cptf.it\/it\/wp-content\/uploads\/Dialoghiconautore_Telfener.jpg","type":"image\/jpeg"}],"author":"segreteria","twitter_card":"summary_large_image","twitter_misc":{"Scritto da":"segreteria","Tempo di lettura stimato":"3 minuti"},"schema":{"@context":"https:\/\/schema.org","@graph":[{"@type":"Article","@id":"https:\/\/www.cptf.it\/it\/online-dialoghi-con-lautore-2021\/#article","isPartOf":{"@id":"https:\/\/www.cptf.it\/it\/online-dialoghi-con-lautore-2021\/"},"author":{"name":"segreteria","@id":"https:\/\/www.cptf.it\/it\/#\/schema\/person\/ab2e5f535a9345c05d1241047a511cea"},"headline":"Online: Dialoghi con l&#8217;autore &#8211; prossimo incontro 6 ottobre 2021","datePublished":"2021-06-21T15:52:20+00:00","dateModified":"2021-10-12T12:41:51+00:00","mainEntityOfPage":{"@id":"https:\/\/www.cptf.it\/it\/online-dialoghi-con-lautore-2021\/"},"wordCount":642,"image":{"@id":"https:\/\/www.cptf.it\/it\/online-dialoghi-con-lautore-2021\/#primaryimage"},"thumbnailUrl":"https:\/\/www.cptf.it\/it\/wp-content\/uploads\/Dialoghiconautore_Telfener.jpg","articleSection":["News"],"inLanguage":"it-IT"},{"@type":"WebPage","@id":"https:\/\/www.cptf.it\/it\/online-dialoghi-con-lautore-2021\/","url":"https:\/\/www.cptf.it\/it\/online-dialoghi-con-lautore-2021\/","name":"Online: Dialoghi con l'autore - prossimo incontro 6 ottobre 2021 - CPTF","isPartOf":{"@id":"https:\/\/www.cptf.it\/it\/#website"},"primaryImageOfPage":{"@id":"https:\/\/www.cptf.it\/it\/online-dialoghi-con-lautore-2021\/#primaryimage"},"image":{"@id":"https:\/\/www.cptf.it\/it\/online-dialoghi-con-lautore-2021\/#primaryimage"},"thumbnailUrl":"https:\/\/www.cptf.it\/it\/wp-content\/uploads\/Dialoghiconautore_Telfener.jpg","datePublished":"2021-06-21T15:52:20+00:00","dateModified":"2021-10-12T12:41:51+00:00","author":{"@id":"https:\/\/www.cptf.it\/it\/#\/schema\/person\/ab2e5f535a9345c05d1241047a511cea"},"description":"Presentazione del Libro e discussione con l'autore","breadcrumb":{"@id":"https:\/\/www.cptf.it\/it\/online-dialoghi-con-lautore-2021\/#breadcrumb"},"inLanguage":"it-IT","potentialAction":[{"@type":"ReadAction","target":["https:\/\/www.cptf.it\/it\/online-dialoghi-con-lautore-2021\/"]}]},{"@type":"ImageObject","inLanguage":"it-IT","@id":"https:\/\/www.cptf.it\/it\/online-dialoghi-con-lautore-2021\/#primaryimage","url":"https:\/\/www.cptf.it\/it\/wp-content\/uploads\/Dialoghiconautore_Telfener.jpg","contentUrl":"https:\/\/www.cptf.it\/it\/wp-content\/uploads\/Dialoghiconautore_Telfener.jpg","width":1280,"height":800},{"@type":"BreadcrumbList","@id":"https:\/\/www.cptf.it\/it\/online-dialoghi-con-lautore-2021\/#breadcrumb","itemListElement":[{"@type":"ListItem","position":1,"name":"Home","item":"https:\/\/www.cptf.it\/it\/"},{"@type":"ListItem","position":2,"name":"Online: Dialoghi con l&#8217;autore &#8211; prossimo incontro 6 ottobre 2021"}]},{"@type":"WebSite","@id":"https:\/\/www.cptf.it\/it\/#website","url":"https:\/\/www.cptf.it\/it\/","name":"CPTF","description":"Centro Padovano di Terapia della famiglia","potentialAction":[{"@type":"SearchAction","target":{"@type":"EntryPoint","urlTemplate":"https:\/\/www.cptf.it\/it\/?s={search_term_string}"},"query-input":{"@type":"PropertyValueSpecification","valueRequired":true,"valueName":"search_term_string"}}],"inLanguage":"it-IT"},{"@type":"Person","@id":"https:\/\/www.cptf.it\/it\/#\/schema\/person\/ab2e5f535a9345c05d1241047a511cea","name":"segreteria","image":{"@type":"ImageObject","inLanguage":"it-IT","@id":"https:\/\/secure.gravatar.com\/avatar\/f198598e8ef622c0b575e2407a7e39db9f0cb55feaa0c13ffa181dff49e8064c?s=96&d=mm&r=g","url":"https:\/\/secure.gravatar.com\/avatar\/f198598e8ef622c0b575e2407a7e39db9f0cb55feaa0c13ffa181dff49e8064c?s=96&d=mm&r=g","contentUrl":"https:\/\/secure.gravatar.com\/avatar\/f198598e8ef622c0b575e2407a7e39db9f0cb55feaa0c13ffa181dff49e8064c?s=96&d=mm&r=g","caption":"segreteria"},"url":"https:\/\/www.cptf.it\/it\/author\/segreteria\/"}]}},"_links":{"self":[{"href":"https:\/\/www.cptf.it\/it\/wp-json\/wp\/v2\/posts\/9588","targetHints":{"allow":["GET"]}}],"collection":[{"href":"https:\/\/www.cptf.it\/it\/wp-json\/wp\/v2\/posts"}],"about":[{"href":"https:\/\/www.cptf.it\/it\/wp-json\/wp\/v2\/types\/post"}],"author":[{"embeddable":true,"href":"https:\/\/www.cptf.it\/it\/wp-json\/wp\/v2\/users\/2"}],"replies":[{"embeddable":true,"href":"https:\/\/www.cptf.it\/it\/wp-json\/wp\/v2\/comments?post=9588"}],"version-history":[{"count":14,"href":"https:\/\/www.cptf.it\/it\/wp-json\/wp\/v2\/posts\/9588\/revisions"}],"predecessor-version":[{"id":11268,"href":"https:\/\/www.cptf.it\/it\/wp-json\/wp\/v2\/posts\/9588\/revisions\/11268"}],"wp:featuredmedia":[{"embeddable":true,"href":"https:\/\/www.cptf.it\/it\/wp-json\/wp\/v2\/media\/10451"}],"wp:attachment":[{"href":"https:\/\/www.cptf.it\/it\/wp-json\/wp\/v2\/media?parent=9588"}],"wp:term":[{"taxonomy":"category","embeddable":true,"href":"https:\/\/www.cptf.it\/it\/wp-json\/wp\/v2\/categories?post=9588"},{"taxonomy":"post_tag","embeddable":true,"href":"https:\/\/www.cptf.it\/it\/wp-json\/wp\/v2\/tags?post=9588"}],"curies":[{"name":"wp","href":"https:\/\/api.w.org\/{rel}","templated":true}]}}