{"id":9606,"date":"2021-01-22T16:27:30","date_gmt":"2021-01-22T15:27:30","guid":{"rendered":"https:\/\/www.cptf.it\/it\/?p=9606"},"modified":"2021-01-22T16:28:48","modified_gmt":"2021-01-22T15:28:48","slug":"esplorazioni-etiche-ed-estetiche-nella-pratica-sistemica","status":"publish","type":"post","link":"https:\/\/www.cptf.it\/it\/esplorazioni-etiche-ed-estetiche-nella-pratica-sistemica\/","title":{"rendered":"webinar Online: Esplorazioni etiche ed estetiche nella pratica sistemica &#8211; sabato 27 febbraio 2021"},"content":{"rendered":"<div class=\"wpb-content-wrapper\"><p>[vc_row css_animation=&#8221;&#8221; row_type=&#8221;row&#8221; use_row_as_full_screen_section=&#8221;no&#8221; type=&#8221;full_width&#8221; angled_section=&#8221;no&#8221; text_align=&#8221;left&#8221; background_image_as_pattern=&#8221;without_pattern&#8221;][vc_column][vc_column_text]<\/p>\n<h3><\/h3>\n<h3><\/h3>\n<h3 style=\"text-align: center;\"><span style=\"color: #003366;\">ESPLORAZIONI ETICHE ED ESTETICHE NELLA PRATICA SISTEMICA<br \/>\nOMAGGIO A MONY ELKAIM<br \/>\n<\/span><span style=\"color: #003366;\">Congresso Internazionale del CMTF<br \/>\n<\/span><\/h3>\n<p><span style=\"color: #003366;\"><strong><br \/>\n<\/strong><\/span><span data-type=\"normal\"  class=\"qode_icon_shortcode  q_font_awsome_icon fa-2x  \" style=\" \"><i class=\"qode_icon_font_awesome fa fa-check qode_icon_element\" style=\"\" ><\/i><\/span><span style=\"color: #003366;\"><strong>Sabato 27 febbraio 2021 &#8211; h. 9,00 &#8211; 18,00<\/strong><\/span><\/p>\n<p>Il congresso svilupper\u00e0 ipotesi intorno alle\u00a0connessioni tra etica ed estetica nei sistemi sociali.<br \/>\nCos\u00ec come un antropologo indaga l&#8217;altro assumendosi la responsabilit\u00e0 delle proprie premesse, cos\u00ec\u00a0un terapeuta attraversa molteplici punteggiature affettive, cognitive, epistemologiche.<br \/>\nRiflettere oggi nel tempo sospeso del Covid e seguire le direzioni dell&#8217;etica e dell&#8217;estetica significa\u00a0aprirsi all&#8217;epistemologia della complessit\u00e0 e assumersi la responsabilit\u00e0 della cecit\u00e0 delle proprie premesse di fronte all&#8217;altro.<\/p>\n<blockquote><p><em>\u201cNon \u00e8 per niente necessario che l&#8217;altro abbia torto perch\u00e9 io possa aver ragione poich\u00e9 se impariamo a essere autonomi senza colpevolizzarci, potremo aiutare coloro che ci circondano a scoprire che anche loro hanno diritto all&#8217;autonomia&#8221;\u00a0<\/em><br \/>\nMony Elka\u00efm<\/p><\/blockquote>\n<p><a href=\"https:\/\/www.psicologia.io\/formazione-online\/esplorazioni-etiche-ed-estetiche-nella-pratica-sistemica\">Clicca qui<\/a> per ulteriori informazioni ed iscrizioni[\/vc_column_text][\/vc_column][\/vc_row]<\/p>\n<\/div>","protected":false},"excerpt":{"rendered":"<p>Esplorazioni etiche ed estetiche nella pratica sistemica. Omaggio a Mony Elka\u00efm<\/p>\n","protected":false},"author":2,"featured_media":9608,"comment_status":"closed","ping_status":"open","sticky":false,"template":"","format":"standard","meta":{"footnotes":""},"categories":[4],"tags":[],"class_list":["post-9606","post","type-post","status-publish","format-standard","has-post-thumbnail","hentry","category-news"],"yoast_head":"<!-- This site is optimized with the Yoast SEO plugin v27.3 - https:\/\/yoast.com\/product\/yoast-seo-wordpress\/ -->\n<title>webinar Online: Esplorazioni etiche ed estetiche nella pratica sistemica - sabato 27 febbraio 2021 - CPTF<\/title>\n<meta name=\"description\" content=\"Conference Online organizzata da SIPSIC, FIAP, CNSP\" \/>\n<meta name=\"robots\" content=\"index, follow, max-snippet:-1, max-image-preview:large, max-video-preview:-1\" \/>\n<link rel=\"canonical\" href=\"https:\/\/www.cptf.it\/it\/esplorazioni-etiche-ed-estetiche-nella-pratica-sistemica\/\" \/>\n<meta property=\"og:locale\" content=\"it_IT\" \/>\n<meta property=\"og:type\" content=\"article\" \/>\n<meta property=\"og:title\" content=\"webinar Online: Esplorazioni etiche ed estetiche nella pratica sistemica - sabato 27 febbraio 2021 - CPTF\" \/>\n<meta property=\"og:description\" content=\"Conference Online organizzata da SIPSIC, FIAP, CNSP\" \/>\n<meta property=\"og:url\" content=\"https:\/\/www.cptf.it\/it\/esplorazioni-etiche-ed-estetiche-nella-pratica-sistemica\/\" \/>\n<meta property=\"og:site_name\" content=\"CPTF\" \/>\n<meta property=\"article:published_time\" content=\"2021-01-22T15:27:30+00:00\" \/>\n<meta property=\"article:modified_time\" content=\"2021-01-22T15:28:48+00:00\" \/>\n<meta property=\"og:image\" content=\"https:\/\/www.cptf.it\/it\/wp-content\/uploads\/Grafiche-1500x500-FORMATO-DA-USARE-PER-SITO-23.png\" \/>\n\t<meta property=\"og:image:width\" content=\"1500\" \/>\n\t<meta property=\"og:image:height\" content=\"500\" \/>\n\t<meta property=\"og:image:type\" content=\"image\/png\" \/>\n<meta name=\"author\" content=\"segreteria\" \/>\n<meta name=\"twitter:card\" content=\"summary_large_image\" \/>\n<meta name=\"twitter:label1\" content=\"Scritto da\" \/>\n\t<meta name=\"twitter:data1\" content=\"segreteria\" \/>\n\t<meta name=\"twitter:label2\" content=\"Tempo di lettura stimato\" \/>\n\t<meta name=\"twitter:data2\" content=\"1 minuto\" \/>\n<script type=\"application\/ld+json\" class=\"yoast-schema-graph\">{\"@context\":\"https:\\\/\\\/schema.org\",\"@graph\":[{\"@type\":\"Article\",\"@id\":\"https:\\\/\\\/www.cptf.it\\\/it\\\/esplorazioni-etiche-ed-estetiche-nella-pratica-sistemica\\\/#article\",\"isPartOf\":{\"@id\":\"https:\\\/\\\/www.cptf.it\\\/it\\\/esplorazioni-etiche-ed-estetiche-nella-pratica-sistemica\\\/\"},\"author\":{\"name\":\"segreteria\",\"@id\":\"https:\\\/\\\/www.cptf.it\\\/it\\\/#\\\/schema\\\/person\\\/ab2e5f535a9345c05d1241047a511cea\"},\"headline\":\"webinar Online: Esplorazioni etiche ed estetiche nella pratica sistemica &#8211; sabato 27 febbraio 2021\",\"datePublished\":\"2021-01-22T15:27:30+00:00\",\"dateModified\":\"2021-01-22T15:28:48+00:00\",\"mainEntityOfPage\":{\"@id\":\"https:\\\/\\\/www.cptf.it\\\/it\\\/esplorazioni-etiche-ed-estetiche-nella-pratica-sistemica\\\/\"},\"wordCount\":219,\"image\":{\"@id\":\"https:\\\/\\\/www.cptf.it\\\/it\\\/esplorazioni-etiche-ed-estetiche-nella-pratica-sistemica\\\/#primaryimage\"},\"thumbnailUrl\":\"https:\\\/\\\/www.cptf.it\\\/it\\\/wp-content\\\/uploads\\\/Grafiche-1500x500-FORMATO-DA-USARE-PER-SITO-23.png\",\"articleSection\":[\"News\"],\"inLanguage\":\"it-IT\"},{\"@type\":\"WebPage\",\"@id\":\"https:\\\/\\\/www.cptf.it\\\/it\\\/esplorazioni-etiche-ed-estetiche-nella-pratica-sistemica\\\/\",\"url\":\"https:\\\/\\\/www.cptf.it\\\/it\\\/esplorazioni-etiche-ed-estetiche-nella-pratica-sistemica\\\/\",\"name\":\"webinar Online: Esplorazioni etiche ed estetiche nella pratica sistemica - sabato 27 febbraio 2021 - CPTF\",\"isPartOf\":{\"@id\":\"https:\\\/\\\/www.cptf.it\\\/it\\\/#website\"},\"primaryImageOfPage\":{\"@id\":\"https:\\\/\\\/www.cptf.it\\\/it\\\/esplorazioni-etiche-ed-estetiche-nella-pratica-sistemica\\\/#primaryimage\"},\"image\":{\"@id\":\"https:\\\/\\\/www.cptf.it\\\/it\\\/esplorazioni-etiche-ed-estetiche-nella-pratica-sistemica\\\/#primaryimage\"},\"thumbnailUrl\":\"https:\\\/\\\/www.cptf.it\\\/it\\\/wp-content\\\/uploads\\\/Grafiche-1500x500-FORMATO-DA-USARE-PER-SITO-23.png\",\"datePublished\":\"2021-01-22T15:27:30+00:00\",\"dateModified\":\"2021-01-22T15:28:48+00:00\",\"author\":{\"@id\":\"https:\\\/\\\/www.cptf.it\\\/it\\\/#\\\/schema\\\/person\\\/ab2e5f535a9345c05d1241047a511cea\"},\"description\":\"Conference Online organizzata da SIPSIC, FIAP, CNSP\",\"breadcrumb\":{\"@id\":\"https:\\\/\\\/www.cptf.it\\\/it\\\/esplorazioni-etiche-ed-estetiche-nella-pratica-sistemica\\\/#breadcrumb\"},\"inLanguage\":\"it-IT\",\"potentialAction\":[{\"@type\":\"ReadAction\",\"target\":[\"https:\\\/\\\/www.cptf.it\\\/it\\\/esplorazioni-etiche-ed-estetiche-nella-pratica-sistemica\\\/\"]}]},{\"@type\":\"ImageObject\",\"inLanguage\":\"it-IT\",\"@id\":\"https:\\\/\\\/www.cptf.it\\\/it\\\/esplorazioni-etiche-ed-estetiche-nella-pratica-sistemica\\\/#primaryimage\",\"url\":\"https:\\\/\\\/www.cptf.it\\\/it\\\/wp-content\\\/uploads\\\/Grafiche-1500x500-FORMATO-DA-USARE-PER-SITO-23.png\",\"contentUrl\":\"https:\\\/\\\/www.cptf.it\\\/it\\\/wp-content\\\/uploads\\\/Grafiche-1500x500-FORMATO-DA-USARE-PER-SITO-23.png\",\"width\":1500,\"height\":500},{\"@type\":\"BreadcrumbList\",\"@id\":\"https:\\\/\\\/www.cptf.it\\\/it\\\/esplorazioni-etiche-ed-estetiche-nella-pratica-sistemica\\\/#breadcrumb\",\"itemListElement\":[{\"@type\":\"ListItem\",\"position\":1,\"name\":\"Home\",\"item\":\"https:\\\/\\\/www.cptf.it\\\/it\\\/\"},{\"@type\":\"ListItem\",\"position\":2,\"name\":\"webinar Online: Esplorazioni etiche ed estetiche nella pratica sistemica &#8211; sabato 27 febbraio 2021\"}]},{\"@type\":\"WebSite\",\"@id\":\"https:\\\/\\\/www.cptf.it\\\/it\\\/#website\",\"url\":\"https:\\\/\\\/www.cptf.it\\\/it\\\/\",\"name\":\"CPTF\",\"description\":\"Centro Padovano di Terapia della famiglia\",\"potentialAction\":[{\"@type\":\"SearchAction\",\"target\":{\"@type\":\"EntryPoint\",\"urlTemplate\":\"https:\\\/\\\/www.cptf.it\\\/it\\\/?s={search_term_string}\"},\"query-input\":{\"@type\":\"PropertyValueSpecification\",\"valueRequired\":true,\"valueName\":\"search_term_string\"}}],\"inLanguage\":\"it-IT\"},{\"@type\":\"Person\",\"@id\":\"https:\\\/\\\/www.cptf.it\\\/it\\\/#\\\/schema\\\/person\\\/ab2e5f535a9345c05d1241047a511cea\",\"name\":\"segreteria\",\"image\":{\"@type\":\"ImageObject\",\"inLanguage\":\"it-IT\",\"@id\":\"https:\\\/\\\/secure.gravatar.com\\\/avatar\\\/f198598e8ef622c0b575e2407a7e39db9f0cb55feaa0c13ffa181dff49e8064c?s=96&d=mm&r=g\",\"url\":\"https:\\\/\\\/secure.gravatar.com\\\/avatar\\\/f198598e8ef622c0b575e2407a7e39db9f0cb55feaa0c13ffa181dff49e8064c?s=96&d=mm&r=g\",\"contentUrl\":\"https:\\\/\\\/secure.gravatar.com\\\/avatar\\\/f198598e8ef622c0b575e2407a7e39db9f0cb55feaa0c13ffa181dff49e8064c?s=96&d=mm&r=g\",\"caption\":\"segreteria\"},\"url\":\"https:\\\/\\\/www.cptf.it\\\/it\\\/author\\\/segreteria\\\/\"}]}<\/script>\n<!-- \/ Yoast SEO plugin. -->","yoast_head_json":{"title":"webinar Online: Esplorazioni etiche ed estetiche nella pratica sistemica - sabato 27 febbraio 2021 - CPTF","description":"Conference Online organizzata da SIPSIC, FIAP, CNSP","robots":{"index":"index","follow":"follow","max-snippet":"max-snippet:-1","max-image-preview":"max-image-preview:large","max-video-preview":"max-video-preview:-1"},"canonical":"https:\/\/www.cptf.it\/it\/esplorazioni-etiche-ed-estetiche-nella-pratica-sistemica\/","og_locale":"it_IT","og_type":"article","og_title":"webinar Online: Esplorazioni etiche ed estetiche nella pratica sistemica - sabato 27 febbraio 2021 - CPTF","og_description":"Conference Online organizzata da SIPSIC, FIAP, CNSP","og_url":"https:\/\/www.cptf.it\/it\/esplorazioni-etiche-ed-estetiche-nella-pratica-sistemica\/","og_site_name":"CPTF","article_published_time":"2021-01-22T15:27:30+00:00","article_modified_time":"2021-01-22T15:28:48+00:00","og_image":[{"width":1500,"height":500,"url":"https:\/\/www.cptf.it\/it\/wp-content\/uploads\/Grafiche-1500x500-FORMATO-DA-USARE-PER-SITO-23.png","type":"image\/png"}],"author":"segreteria","twitter_card":"summary_large_image","twitter_misc":{"Scritto da":"segreteria","Tempo di lettura stimato":"1 minuto"},"schema":{"@context":"https:\/\/schema.org","@graph":[{"@type":"Article","@id":"https:\/\/www.cptf.it\/it\/esplorazioni-etiche-ed-estetiche-nella-pratica-sistemica\/#article","isPartOf":{"@id":"https:\/\/www.cptf.it\/it\/esplorazioni-etiche-ed-estetiche-nella-pratica-sistemica\/"},"author":{"name":"segreteria","@id":"https:\/\/www.cptf.it\/it\/#\/schema\/person\/ab2e5f535a9345c05d1241047a511cea"},"headline":"webinar Online: Esplorazioni etiche ed estetiche nella pratica sistemica &#8211; sabato 27 febbraio 2021","datePublished":"2021-01-22T15:27:30+00:00","dateModified":"2021-01-22T15:28:48+00:00","mainEntityOfPage":{"@id":"https:\/\/www.cptf.it\/it\/esplorazioni-etiche-ed-estetiche-nella-pratica-sistemica\/"},"wordCount":219,"image":{"@id":"https:\/\/www.cptf.it\/it\/esplorazioni-etiche-ed-estetiche-nella-pratica-sistemica\/#primaryimage"},"thumbnailUrl":"https:\/\/www.cptf.it\/it\/wp-content\/uploads\/Grafiche-1500x500-FORMATO-DA-USARE-PER-SITO-23.png","articleSection":["News"],"inLanguage":"it-IT"},{"@type":"WebPage","@id":"https:\/\/www.cptf.it\/it\/esplorazioni-etiche-ed-estetiche-nella-pratica-sistemica\/","url":"https:\/\/www.cptf.it\/it\/esplorazioni-etiche-ed-estetiche-nella-pratica-sistemica\/","name":"webinar Online: Esplorazioni etiche ed estetiche nella pratica sistemica - sabato 27 febbraio 2021 - CPTF","isPartOf":{"@id":"https:\/\/www.cptf.it\/it\/#website"},"primaryImageOfPage":{"@id":"https:\/\/www.cptf.it\/it\/esplorazioni-etiche-ed-estetiche-nella-pratica-sistemica\/#primaryimage"},"image":{"@id":"https:\/\/www.cptf.it\/it\/esplorazioni-etiche-ed-estetiche-nella-pratica-sistemica\/#primaryimage"},"thumbnailUrl":"https:\/\/www.cptf.it\/it\/wp-content\/uploads\/Grafiche-1500x500-FORMATO-DA-USARE-PER-SITO-23.png","datePublished":"2021-01-22T15:27:30+00:00","dateModified":"2021-01-22T15:28:48+00:00","author":{"@id":"https:\/\/www.cptf.it\/it\/#\/schema\/person\/ab2e5f535a9345c05d1241047a511cea"},"description":"Conference Online organizzata da SIPSIC, FIAP, CNSP","breadcrumb":{"@id":"https:\/\/www.cptf.it\/it\/esplorazioni-etiche-ed-estetiche-nella-pratica-sistemica\/#breadcrumb"},"inLanguage":"it-IT","potentialAction":[{"@type":"ReadAction","target":["https:\/\/www.cptf.it\/it\/esplorazioni-etiche-ed-estetiche-nella-pratica-sistemica\/"]}]},{"@type":"ImageObject","inLanguage":"it-IT","@id":"https:\/\/www.cptf.it\/it\/esplorazioni-etiche-ed-estetiche-nella-pratica-sistemica\/#primaryimage","url":"https:\/\/www.cptf.it\/it\/wp-content\/uploads\/Grafiche-1500x500-FORMATO-DA-USARE-PER-SITO-23.png","contentUrl":"https:\/\/www.cptf.it\/it\/wp-content\/uploads\/Grafiche-1500x500-FORMATO-DA-USARE-PER-SITO-23.png","width":1500,"height":500},{"@type":"BreadcrumbList","@id":"https:\/\/www.cptf.it\/it\/esplorazioni-etiche-ed-estetiche-nella-pratica-sistemica\/#breadcrumb","itemListElement":[{"@type":"ListItem","position":1,"name":"Home","item":"https:\/\/www.cptf.it\/it\/"},{"@type":"ListItem","position":2,"name":"webinar Online: Esplorazioni etiche ed estetiche nella pratica sistemica &#8211; sabato 27 febbraio 2021"}]},{"@type":"WebSite","@id":"https:\/\/www.cptf.it\/it\/#website","url":"https:\/\/www.cptf.it\/it\/","name":"CPTF","description":"Centro Padovano di Terapia della famiglia","potentialAction":[{"@type":"SearchAction","target":{"@type":"EntryPoint","urlTemplate":"https:\/\/www.cptf.it\/it\/?s={search_term_string}"},"query-input":{"@type":"PropertyValueSpecification","valueRequired":true,"valueName":"search_term_string"}}],"inLanguage":"it-IT"},{"@type":"Person","@id":"https:\/\/www.cptf.it\/it\/#\/schema\/person\/ab2e5f535a9345c05d1241047a511cea","name":"segreteria","image":{"@type":"ImageObject","inLanguage":"it-IT","@id":"https:\/\/secure.gravatar.com\/avatar\/f198598e8ef622c0b575e2407a7e39db9f0cb55feaa0c13ffa181dff49e8064c?s=96&d=mm&r=g","url":"https:\/\/secure.gravatar.com\/avatar\/f198598e8ef622c0b575e2407a7e39db9f0cb55feaa0c13ffa181dff49e8064c?s=96&d=mm&r=g","contentUrl":"https:\/\/secure.gravatar.com\/avatar\/f198598e8ef622c0b575e2407a7e39db9f0cb55feaa0c13ffa181dff49e8064c?s=96&d=mm&r=g","caption":"segreteria"},"url":"https:\/\/www.cptf.it\/it\/author\/segreteria\/"}]}},"_links":{"self":[{"href":"https:\/\/www.cptf.it\/it\/wp-json\/wp\/v2\/posts\/9606","targetHints":{"allow":["GET"]}}],"collection":[{"href":"https:\/\/www.cptf.it\/it\/wp-json\/wp\/v2\/posts"}],"about":[{"href":"https:\/\/www.cptf.it\/it\/wp-json\/wp\/v2\/types\/post"}],"author":[{"embeddable":true,"href":"https:\/\/www.cptf.it\/it\/wp-json\/wp\/v2\/users\/2"}],"replies":[{"embeddable":true,"href":"https:\/\/www.cptf.it\/it\/wp-json\/wp\/v2\/comments?post=9606"}],"version-history":[{"count":1,"href":"https:\/\/www.cptf.it\/it\/wp-json\/wp\/v2\/posts\/9606\/revisions"}],"predecessor-version":[{"id":9607,"href":"https:\/\/www.cptf.it\/it\/wp-json\/wp\/v2\/posts\/9606\/revisions\/9607"}],"wp:featuredmedia":[{"embeddable":true,"href":"https:\/\/www.cptf.it\/it\/wp-json\/wp\/v2\/media\/9608"}],"wp:attachment":[{"href":"https:\/\/www.cptf.it\/it\/wp-json\/wp\/v2\/media?parent=9606"}],"wp:term":[{"taxonomy":"category","embeddable":true,"href":"https:\/\/www.cptf.it\/it\/wp-json\/wp\/v2\/categories?post=9606"},{"taxonomy":"post_tag","embeddable":true,"href":"https:\/\/www.cptf.it\/it\/wp-json\/wp\/v2\/tags?post=9606"}],"curies":[{"name":"wp","href":"https:\/\/api.w.org\/{rel}","templated":true}]}}